{"id":3634,"date":"2025-11-25T15:48:38","date_gmt":"2025-11-25T13:48:38","guid":{"rendered":"https:\/\/teutsch.ro\/?p=3634"},"modified":"2025-11-25T15:48:38","modified_gmt":"2025-11-25T13:48:38","slug":"cartea-evanghelica-de-cantari","status":"publish","type":"post","link":"https:\/\/teutsch.ro\/ro\/cartea-evanghelica-de-cantari\/","title":{"rendered":"Cartea evanghelic\u0103 de c\u00e2nt\u0103ri"},"content":{"rendered":"<p style=\"font-weight: 400;\"><em><a href=\"https:\/\/teutsch.ro\/wp-content\/uploads\/2025\/11\/Poster-ev.Gesangbuch-scaled.jpg\"><img loading=\"lazy\" decoding=\"async\" class=\"alignright size-medium wp-image-3631\" src=\"https:\/\/teutsch.ro\/wp-content\/uploads\/2025\/11\/Poster-ev.Gesangbuch-200x283.jpg\" alt=\"\" width=\"200\" height=\"283\" srcset=\"https:\/\/teutsch.ro\/wp-content\/uploads\/2025\/11\/Poster-ev.Gesangbuch-200x283.jpg 200w, https:\/\/teutsch.ro\/wp-content\/uploads\/2025\/11\/Poster-ev.Gesangbuch-470x665.jpg 470w, https:\/\/teutsch.ro\/wp-content\/uploads\/2025\/11\/Poster-ev.Gesangbuch-100x141.jpg 100w, https:\/\/teutsch.ro\/wp-content\/uploads\/2025\/11\/Poster-ev.Gesangbuch-768x1086.jpg 768w, https:\/\/teutsch.ro\/wp-content\/uploads\/2025\/11\/Poster-ev.Gesangbuch-1086x1536.jpg 1086w, https:\/\/teutsch.ro\/wp-content\/uploads\/2025\/11\/Poster-ev.Gesangbuch-1448x2048.jpg 1448w, https:\/\/teutsch.ro\/wp-content\/uploads\/2025\/11\/Poster-ev.Gesangbuch-scaled.jpg 1811w\" sizes=\"auto, (max-width: 200px) 100vw, 200px\" \/><\/a><\/em><\/p>\n<p style=\"font-weight: 400;\"><em>Sibiu.<\/em>\u00a0Expozi\u021bia \u00een imagini, text \u0219i sunet, \u201eCartea evanghelic\u0103 de c\u00e2nt\u0103ri \u2013 Istorie \u0219i actualitate\u201d, va fi inaugurat\u0103 mar\u021bi, 2 decembrie 2025, la ora 17, \u00een sala multifunc\u021bional\u0103 a Centrului de dialog \u0219i cultur\u0103 \u201eFriedrich Teutsch\u201d. Expozi\u021bia a fost realizat\u0103 de Brita Falch Leutert \u0219i Daniela Boltres cu ocazia celei de-a 50-a anivers\u0103ri a noii c\u0103r\u021bi de c\u00e2nt\u0103ri a Bisericii Evanghelice C.A. din Rom\u00e2nia (BECAR) \u0219i completat\u0103 cu exponate din arhiva central\u0103 BECAR \u0219i din redac\u021bia ziarului \u201eHermannst\u00e4dter Zeitung\u201d.<\/p>\n<p style=\"font-weight: 400;\">Ce \u00eenseamn\u0103 pentru oamenii de ast\u0103zi cartea de c\u00e2nt\u0103ri a Bisericii Evanghelice C.A. din Rom\u00e2nia? Cine a elaborat-o? Care este istoria ei? Cine a cercetat-o? Cine o iube\u0219te? \u2013 Experien\u021be \u0219i \u00eent\u00e2mpl\u0103ri personale \u0219i colective sunt legate de aceast\u0103 carte special\u0103. Expozi\u021bia invit\u0103 la reflec\u021bia \u0219i utilizarea activ\u0103 a c\u0103r\u021bii de c\u00e2nt\u0103ri.<\/p>\n<p style=\"font-weight: 400;\">La deschiderea expozi\u021biei vor fi interpretate c\u00e2ntece vechi \u0219i noi din cartea de c\u00e2nt\u0103ri, sub conducerea consilierului muzical al BECAR, J\u00fcrg Leutert.<\/p>\n<p style=\"font-weight: 400;\">Durata expozi\u021biei: 2.12.2025 \u2013 27.02.2026<\/p>\n<p style=\"font-weight: 400;\">(\u00cenchis \u00een perioada s\u0103rb\u0103torilor de iarn\u0103.)<\/p>\n<p style=\"font-weight: 400;\"><em>\u00a0<\/em><\/p>\n","protected":false},"excerpt":{"rendered":"<p>Sibiu.\u00a0Expozi\u021bia \u00een imagini, text \u0219i sunet, \u201eCartea evanghelic\u0103 de c\u00e2nt\u0103ri \u2013 Istorie \u0219i actualitate\u201d, va fi inaugurat\u0103 mar\u021bi, 2 decembrie 2025, la ora 17, \u00een sala multifunc\u021bional\u0103 a Centrului de dialog \u0219i cultur\u0103 \u201eFriedrich Teutsch\u201d. Expozi\u021bia a fost realizat\u0103 de Brita Falch Leutert \u0219i Daniela Boltres cu ocazia celei de-a 50-a anivers\u0103ri a noii c\u0103r\u021bi [&hellip;]<\/p>\n","protected":false},"author":1,"featured_media":3632,"comment_status":"closed","ping_status":"closed","sticky":false,"template":"","format":"standard","meta":{"footnotes":""},"categories":[13],"tags":[],"class_list":{"0":"post-3634","1":"post","2":"type-post","3":"status-publish","4":"format-standard","5":"has-post-thumbnail","7":"category-eveniment","8":"czr-hentry"},"_links":{"self":[{"href":"https:\/\/teutsch.ro\/ro\/wp-json\/wp\/v2\/posts\/3634","targetHints":{"allow":["GET"]}}],"collection":[{"href":"https:\/\/teutsch.ro\/ro\/wp-json\/wp\/v2\/posts"}],"about":[{"href":"https:\/\/teutsch.ro\/ro\/wp-json\/wp\/v2\/types\/post"}],"author":[{"embeddable":true,"href":"https:\/\/teutsch.ro\/ro\/wp-json\/wp\/v2\/users\/1"}],"replies":[{"embeddable":true,"href":"https:\/\/teutsch.ro\/ro\/wp-json\/wp\/v2\/comments?post=3634"}],"version-history":[{"count":1,"href":"https:\/\/teutsch.ro\/ro\/wp-json\/wp\/v2\/posts\/3634\/revisions"}],"predecessor-version":[{"id":3635,"href":"https:\/\/teutsch.ro\/ro\/wp-json\/wp\/v2\/posts\/3634\/revisions\/3635"}],"wp:featuredmedia":[{"embeddable":true,"href":"https:\/\/teutsch.ro\/ro\/wp-json\/wp\/v2\/media\/3632"}],"wp:attachment":[{"href":"https:\/\/teutsch.ro\/ro\/wp-json\/wp\/v2\/media?parent=3634"}],"wp:term":[{"taxonomy":"category","embeddable":true,"href":"https:\/\/teutsch.ro\/ro\/wp-json\/wp\/v2\/categories?post=3634"},{"taxonomy":"post_tag","embeddable":true,"href":"https:\/\/teutsch.ro\/ro\/wp-json\/wp\/v2\/tags?post=3634"}],"curies":[{"name":"wp","href":"https:\/\/api.w.org\/{rel}","templated":true}]}}