{"id":3553,"date":"2025-08-25T13:30:08","date_gmt":"2025-08-25T10:30:08","guid":{"rendered":"https:\/\/teutsch.ro\/?p=3553"},"modified":"2025-08-25T13:30:08","modified_gmt":"2025-08-25T10:30:08","slug":"panorama-transilvania-2005-2025-stefan-jammer","status":"publish","type":"post","link":"https:\/\/teutsch.ro\/ro\/panorama-transilvania-2005-2025-stefan-jammer\/","title":{"rendered":"PANORAMA Transilvania 2005-2025 Stefan Jammer"},"content":{"rendered":"<p><span style=\"font-weight: 400;\"><a href=\"https:\/\/teutsch.ro\/wp-content\/uploads\/2025\/08\/TP-AFIS-A3-BT-Kopie.jpg\"><img loading=\"lazy\" decoding=\"async\" class=\"alignright size-medium wp-image-3551\" src=\"https:\/\/teutsch.ro\/wp-content\/uploads\/2025\/08\/TP-AFIS-A3-BT-Kopie-200x283.jpg\" alt=\"\" width=\"200\" height=\"283\" srcset=\"https:\/\/teutsch.ro\/wp-content\/uploads\/2025\/08\/TP-AFIS-A3-BT-Kopie-200x283.jpg 200w, https:\/\/teutsch.ro\/wp-content\/uploads\/2025\/08\/TP-AFIS-A3-BT-Kopie-470x665.jpg 470w, https:\/\/teutsch.ro\/wp-content\/uploads\/2025\/08\/TP-AFIS-A3-BT-Kopie-100x141.jpg 100w, https:\/\/teutsch.ro\/wp-content\/uploads\/2025\/08\/TP-AFIS-A3-BT-Kopie-768x1086.jpg 768w, https:\/\/teutsch.ro\/wp-content\/uploads\/2025\/08\/TP-AFIS-A3-BT-Kopie-1086x1536.jpg 1086w, https:\/\/teutsch.ro\/wp-content\/uploads\/2025\/08\/TP-AFIS-A3-BT-Kopie-1448x2048.jpg 1448w, https:\/\/teutsch.ro\/wp-content\/uploads\/2025\/08\/TP-AFIS-A3-BT-Kopie.jpg 1754w\" sizes=\"auto, (max-width: 200px) 100vw, 200px\" \/><\/a>PANORAMA TRANSILVANIA este o fereastr\u0103 temporal\u0103 de reflec\u021bie artistic\u0103 \u0219i de crea\u021bie a fotografului Stefan Jammer, \u00een cadrul peisajului extins al provinciei sale de re\u015fedin\u0163\u0103 op\u0163ionale, Transilvania. Este, \u00een acela\u0219i timp, continuarea expozi\u021biilor sale fotografice, dintre care cea din 2020 a fost dedicat\u0103 ora\u0219ului Sibiu ca mediu de via\u021b\u0103 \u0219i s-a prezentat sub forma unei topografii urbane \u00een format panoramic. De data aceasta, artistul extinde orizontul, viz\u00e2nd \u00eentreaga provincie a Transilvaniei, cu regiunile \u0219i localit\u0103\u021bile sale: platoul transilvan cu oamenii, ora\u0219ele \u0219i satele sale \u0219i cu anotimpurile naturii, cu fondul arhitectural eterogen al societ\u0103\u021bilor odinioar\u0103 paralele, not\u00e2nd schimb\u0103rile radicale, excrescen\u0163ele agresive \u0219i procesele de transformare \u00eendelungate, urm\u0103rind interferen\u021bele sociale actuale \u0219i energiile sale vitale regenerabile. Perioada de timp finit\u0103 transform\u0103 seriile panoramice \u00eentr-o cronic\u0103 vizual\u0103. Fotografierea perseverent\u0103 practicat\u0103 de artist \u00een toate aceste locuri confer\u0103 acestui gen artistic caracterul unei ctitorii. (H.K.)<\/span><\/p>\n<p>&nbsp;<\/p>\n","protected":false},"excerpt":{"rendered":"<p>PANORAMA TRANSILVANIA este o fereastr\u0103 temporal\u0103 de reflec\u021bie artistic\u0103 \u0219i de crea\u021bie a fotografului Stefan Jammer, \u00een cadrul peisajului extins al provinciei sale de re\u015fedin\u0163\u0103 op\u0163ionale, Transilvania. Este, \u00een acela\u0219i timp, continuarea expozi\u021biilor sale fotografice, dintre care cea din 2020 a fost dedicat\u0103 ora\u0219ului Sibiu ca mediu de via\u021b\u0103 \u0219i s-a prezentat sub forma unei [&hellip;]<\/p>\n","protected":false},"author":1,"featured_media":3551,"comment_status":"closed","ping_status":"closed","sticky":false,"template":"","format":"standard","meta":{"footnotes":""},"categories":[13,12],"tags":[],"class_list":{"0":"post-3553","1":"post","2":"type-post","3":"status-publish","4":"format-standard","5":"has-post-thumbnail","7":"category-eveniment","8":"category-muzeu","9":"czr-hentry"},"_links":{"self":[{"href":"https:\/\/teutsch.ro\/ro\/wp-json\/wp\/v2\/posts\/3553","targetHints":{"allow":["GET"]}}],"collection":[{"href":"https:\/\/teutsch.ro\/ro\/wp-json\/wp\/v2\/posts"}],"about":[{"href":"https:\/\/teutsch.ro\/ro\/wp-json\/wp\/v2\/types\/post"}],"author":[{"embeddable":true,"href":"https:\/\/teutsch.ro\/ro\/wp-json\/wp\/v2\/users\/1"}],"replies":[{"embeddable":true,"href":"https:\/\/teutsch.ro\/ro\/wp-json\/wp\/v2\/comments?post=3553"}],"version-history":[{"count":1,"href":"https:\/\/teutsch.ro\/ro\/wp-json\/wp\/v2\/posts\/3553\/revisions"}],"predecessor-version":[{"id":3554,"href":"https:\/\/teutsch.ro\/ro\/wp-json\/wp\/v2\/posts\/3553\/revisions\/3554"}],"wp:featuredmedia":[{"embeddable":true,"href":"https:\/\/teutsch.ro\/ro\/wp-json\/wp\/v2\/media\/3551"}],"wp:attachment":[{"href":"https:\/\/teutsch.ro\/ro\/wp-json\/wp\/v2\/media?parent=3553"}],"wp:term":[{"taxonomy":"category","embeddable":true,"href":"https:\/\/teutsch.ro\/ro\/wp-json\/wp\/v2\/categories?post=3553"},{"taxonomy":"post_tag","embeddable":true,"href":"https:\/\/teutsch.ro\/ro\/wp-json\/wp\/v2\/tags?post=3553"}],"curies":[{"name":"wp","href":"https:\/\/api.w.org\/{rel}","templated":true}]}}