{"id":3547,"date":"2025-05-23T11:26:04","date_gmt":"2025-05-23T08:26:04","guid":{"rendered":"https:\/\/teutsch.ro\/?p=3547"},"modified":"2025-05-23T11:26:04","modified_gmt":"2025-05-23T08:26:04","slug":"alianta-romania-fara-orfani-organizeaza-ziua-adoptiei","status":"publish","type":"post","link":"https:\/\/teutsch.ro\/ro\/alianta-romania-fara-orfani-organizeaza-ziua-adoptiei\/","title":{"rendered":"Alian\u021ba Rom\u00e2nia f\u0103r\u0103 orfani organizeaz\u0103 ZIUA ADOP\u021aIEI"},"content":{"rendered":"<p><span style=\"font-weight: 400;\"><a href=\"https:\/\/teutsch.ro\/wp-content\/uploads\/2025\/05\/Afis-2-Iunie-2025.jpg\"><img loading=\"lazy\" decoding=\"async\" class=\"alignright size-medium wp-image-3543\" src=\"https:\/\/teutsch.ro\/wp-content\/uploads\/2025\/05\/Afis-2-Iunie-2025-200x283.jpg\" alt=\"\" width=\"200\" height=\"283\" srcset=\"https:\/\/teutsch.ro\/wp-content\/uploads\/2025\/05\/Afis-2-Iunie-2025-200x283.jpg 200w, https:\/\/teutsch.ro\/wp-content\/uploads\/2025\/05\/Afis-2-Iunie-2025-470x665.jpg 470w, https:\/\/teutsch.ro\/wp-content\/uploads\/2025\/05\/Afis-2-Iunie-2025-100x141.jpg 100w, https:\/\/teutsch.ro\/wp-content\/uploads\/2025\/05\/Afis-2-Iunie-2025.jpg 566w\" sizes=\"auto, (max-width: 200px) 100vw, 200px\" \/><\/a><\/span><span style=\"font-weight: 400;\">Adop\u021bia \u00eenseamn\u0103 familie, curaj \u0219i o promisiune nerostit\u0103: &#8222;Te-am ales. E\u0219ti al meu. Sunt aici pentru tine.&#8221;\u00a0<\/span><br \/>\n<span style=\"font-weight: 400;\">Pe 2 iunie, te invit\u0103m s\u0103 celebr\u0103m Ziua Adop\u021biei \u2013 o zi dedicat\u0103 iubirii care nu se limiteaz\u0103 doar la leg\u0103turile de s\u00e2nge ci trece dincolo de acestea, la alegere, curaj \u0219i speran\u021b\u0103.<\/span><\/p>\n<p><span style=\"font-weight: 400;\">Unde ne \u00eent\u00e2lnim?<\/span><\/p>\n<p><span style=\"font-weight: 400;\">\u00cen Curtea Casei Teutsch &amp; Libr\u0103ria-cafenea Erasmus, str. Mitropoliei 30, Sibiu\u00a0<\/span><br \/>\n<span style=\"font-weight: 400;\">\u00centre orele 16:00 \u0219i 19:00<\/span><\/p>\n<p><strong>Ce am preg\u0103tit?<\/strong><\/p>\n<ul>\n<li><span style=\"font-weight: 400;\"> Activit\u0103\u021bi de crea\u021bie \u0219i mi\u0219care pentru copii<\/span><\/li>\n<li><span style=\"font-weight: 400;\"> Pove\u0219ti adev\u0103rate \u0219i inspira\u021bionale despre adop\u021bie<\/span><\/li>\n<li><span style=\"font-weight: 400;\"> \u201eFii o voce!\u201d \u2013 un moment de solidaritate \u0219i implicare<\/span><\/li>\n<\/ul>\n<p><span style=\"font-weight: 400;\">\u00a0<\/span><span style=\"font-weight: 400;\">Toate l\u00e2ng\u0103 un pahar de limonad\u0103 r\u0103coritoare.<\/span><br \/>\n<span style=\"font-weight: 400;\">Fie c\u0103 e\u0219ti p\u0103rinte, copil, viitor adoptator sau pur \u0219i simplu sus\u021bii adop\u021bia, e\u0219ti binevenit!<\/span><br \/>\n<span style=\"font-weight: 400;\">Pentru c\u0103 fiecare copil merit\u0103 o familie. Pentru c\u0103 \u00eempreun\u0103 putem construi o comunitate care sus\u021bine, \u00eencurajeaz\u0103 \u0219i iube\u0219te. Pentru c\u0103 poate chiar \u00een tine se ascunde o voce care poate face o diferen\u021b\u0103.<\/span><\/p>\n<p><strong>\u00a0Vino ca, \u00eempreun\u0103, s\u0103 facem parte din lumea Adop\u021biei!<\/strong><\/p>\n<p><span style=\"font-weight: 400;\">\u00a0<\/span><\/p>\n","protected":false},"excerpt":{"rendered":"<p>Adop\u021bia \u00eenseamn\u0103 familie, curaj \u0219i o promisiune nerostit\u0103: &#8222;Te-am ales. E\u0219ti al meu. Sunt aici pentru tine.&#8221;\u00a0 Pe 2 iunie, te invit\u0103m s\u0103 celebr\u0103m Ziua Adop\u021biei \u2013 o zi dedicat\u0103 iubirii care nu se limiteaz\u0103 doar la leg\u0103turile de s\u00e2nge ci trece dincolo de acestea, la alegere, curaj \u0219i speran\u021b\u0103. Unde ne \u00eent\u00e2lnim? \u00cen Curtea [&hellip;]<\/p>\n","protected":false},"author":1,"featured_media":3544,"comment_status":"closed","ping_status":"closed","sticky":false,"template":"","format":"standard","meta":{"footnotes":""},"categories":[1],"tags":[],"class_list":{"0":"post-3547","1":"post","2":"type-post","3":"status-publish","4":"format-standard","5":"has-post-thumbnail","7":"category-fara-categorie","8":"czr-hentry"},"_links":{"self":[{"href":"https:\/\/teutsch.ro\/ro\/wp-json\/wp\/v2\/posts\/3547","targetHints":{"allow":["GET"]}}],"collection":[{"href":"https:\/\/teutsch.ro\/ro\/wp-json\/wp\/v2\/posts"}],"about":[{"href":"https:\/\/teutsch.ro\/ro\/wp-json\/wp\/v2\/types\/post"}],"author":[{"embeddable":true,"href":"https:\/\/teutsch.ro\/ro\/wp-json\/wp\/v2\/users\/1"}],"replies":[{"embeddable":true,"href":"https:\/\/teutsch.ro\/ro\/wp-json\/wp\/v2\/comments?post=3547"}],"version-history":[{"count":1,"href":"https:\/\/teutsch.ro\/ro\/wp-json\/wp\/v2\/posts\/3547\/revisions"}],"predecessor-version":[{"id":3548,"href":"https:\/\/teutsch.ro\/ro\/wp-json\/wp\/v2\/posts\/3547\/revisions\/3548"}],"wp:featuredmedia":[{"embeddable":true,"href":"https:\/\/teutsch.ro\/ro\/wp-json\/wp\/v2\/media\/3544"}],"wp:attachment":[{"href":"https:\/\/teutsch.ro\/ro\/wp-json\/wp\/v2\/media?parent=3547"}],"wp:term":[{"taxonomy":"category","embeddable":true,"href":"https:\/\/teutsch.ro\/ro\/wp-json\/wp\/v2\/categories?post=3547"},{"taxonomy":"post_tag","embeddable":true,"href":"https:\/\/teutsch.ro\/ro\/wp-json\/wp\/v2\/tags?post=3547"}],"curies":[{"name":"wp","href":"https:\/\/api.w.org\/{rel}","templated":true}]}}