{"id":3535,"date":"2025-05-12T11:15:41","date_gmt":"2025-05-12T08:15:41","guid":{"rendered":"https:\/\/teutsch.ro\/?p=3535"},"modified":"2025-05-12T11:15:41","modified_gmt":"2025-05-12T08:15:41","slug":"muzeul-din-casa-teutsch-trece-la-programul-de-vara","status":"publish","type":"post","link":"https:\/\/teutsch.ro\/ro\/muzeul-din-casa-teutsch-trece-la-programul-de-vara\/","title":{"rendered":"Muzeul din Casa Teutsch trece la programul de var\u0103"},"content":{"rendered":"<p style=\"font-weight: 400;\"><a href=\"https:\/\/teutsch.ro\/wp-content\/uploads\/2025\/05\/Plakat-A2-NM-25-WEB.jpg\"><img loading=\"lazy\" decoding=\"async\" class=\"alignright size-medium wp-image-3536\" src=\"https:\/\/teutsch.ro\/wp-content\/uploads\/2025\/05\/Plakat-A2-NM-25-WEB-200x283.jpg\" alt=\"\" width=\"200\" height=\"283\" srcset=\"https:\/\/teutsch.ro\/wp-content\/uploads\/2025\/05\/Plakat-A2-NM-25-WEB-200x283.jpg 200w, https:\/\/teutsch.ro\/wp-content\/uploads\/2025\/05\/Plakat-A2-NM-25-WEB-470x665.jpg 470w, https:\/\/teutsch.ro\/wp-content\/uploads\/2025\/05\/Plakat-A2-NM-25-WEB-100x141.jpg 100w, https:\/\/teutsch.ro\/wp-content\/uploads\/2025\/05\/Plakat-A2-NM-25-WEB-768x1086.jpg 768w, https:\/\/teutsch.ro\/wp-content\/uploads\/2025\/05\/Plakat-A2-NM-25-WEB-1086x1536.jpg 1086w, https:\/\/teutsch.ro\/wp-content\/uploads\/2025\/05\/Plakat-A2-NM-25-WEB.jpg 1191w\" sizes=\"auto, (max-width: 200px) 100vw, 200px\" \/><\/a>\u00cen data de 17 mai 2025, de \u201eNoaptea Muzeelor\u201d, muzeul bisericesc va fi deschis \u00eentre orele 10:00-22:00. Intrarea este gratuit\u0103. La ora 19:00, \u00een expozi\u021bia permanent\u0103 a muzeului, doamna dr. Gudrun Ittu ofer\u0103, \u00een limba rom\u00e2n\u0103, un ghidaj gratuit despre istoria \u0219i cultura sa\u0219ilor transilv\u0103neni.<\/p>\n<p style=\"font-weight: 400;\">De acces gratuit, pe tot parcursul anului, beneficiaz\u0103 vizitatorii expozi\u021biilor temporare din Sala Teras\u0103 \u2013 actualmente expozi\u021bia de pictur\u0103 \u0219i grafic\u0103 \u201ePeisaje de suflet\u201d de Barbara Niedermaier.<\/p>\n<p style=\"font-weight: 400;\">\u00cen curtea Centrului de cultur\u0103 este instalat\u0103 expozi\u021bia itinerant\u0103 \u201e<em>Andreanum<\/em>\u00a0<em>800 de ani<\/em>\u00a0\u2013 lege \u0219i constitu\u021bie la sa\u0219ii transilv\u0103neni\u201d.<\/p>\n<p style=\"font-weight: 400;\">De la \u00eenceputul lunii mai p\u00e2n\u0103 la sf\u00e2r\u0219itul lunii octombrie (cu excep\u021bia s\u0103rb\u0103torilor legale \u0219i celor biserice\u0219ti), Muzeul Bisericii Evanghelice C.A. din Rom\u00e2nia\u00a0va fi deschis de luni p\u00e2n\u0103 s\u00e2mb\u0103t\u0103, \u00eentre orele 10:00-17:00.<\/p>\n","protected":false},"excerpt":{"rendered":"<p>\u00cen data de 17 mai 2025, de \u201eNoaptea Muzeelor\u201d, muzeul bisericesc va fi deschis \u00eentre orele 10:00-22:00. Intrarea este gratuit\u0103. La ora 19:00, \u00een expozi\u021bia permanent\u0103 a muzeului, doamna dr. Gudrun Ittu ofer\u0103, \u00een limba rom\u00e2n\u0103, un ghidaj gratuit despre istoria \u0219i cultura sa\u0219ilor transilv\u0103neni. De acces gratuit, pe tot parcursul anului, beneficiaz\u0103 vizitatorii expozi\u021biilor [&hellip;]<\/p>\n","protected":false},"author":1,"featured_media":3536,"comment_status":"closed","ping_status":"closed","sticky":false,"template":"","format":"standard","meta":{"footnotes":""},"categories":[13,12],"tags":[],"class_list":{"0":"post-3535","1":"post","2":"type-post","3":"status-publish","4":"format-standard","5":"has-post-thumbnail","7":"category-eveniment","8":"category-muzeu","9":"czr-hentry"},"_links":{"self":[{"href":"https:\/\/teutsch.ro\/ro\/wp-json\/wp\/v2\/posts\/3535","targetHints":{"allow":["GET"]}}],"collection":[{"href":"https:\/\/teutsch.ro\/ro\/wp-json\/wp\/v2\/posts"}],"about":[{"href":"https:\/\/teutsch.ro\/ro\/wp-json\/wp\/v2\/types\/post"}],"author":[{"embeddable":true,"href":"https:\/\/teutsch.ro\/ro\/wp-json\/wp\/v2\/users\/1"}],"replies":[{"embeddable":true,"href":"https:\/\/teutsch.ro\/ro\/wp-json\/wp\/v2\/comments?post=3535"}],"version-history":[{"count":1,"href":"https:\/\/teutsch.ro\/ro\/wp-json\/wp\/v2\/posts\/3535\/revisions"}],"predecessor-version":[{"id":3538,"href":"https:\/\/teutsch.ro\/ro\/wp-json\/wp\/v2\/posts\/3535\/revisions\/3538"}],"wp:featuredmedia":[{"embeddable":true,"href":"https:\/\/teutsch.ro\/ro\/wp-json\/wp\/v2\/media\/3536"}],"wp:attachment":[{"href":"https:\/\/teutsch.ro\/ro\/wp-json\/wp\/v2\/media?parent=3535"}],"wp:term":[{"taxonomy":"category","embeddable":true,"href":"https:\/\/teutsch.ro\/ro\/wp-json\/wp\/v2\/categories?post=3535"},{"taxonomy":"post_tag","embeddable":true,"href":"https:\/\/teutsch.ro\/ro\/wp-json\/wp\/v2\/tags?post=3535"}],"curies":[{"name":"wp","href":"https:\/\/api.w.org\/{rel}","templated":true}]}}