{"id":2879,"date":"2024-06-12T13:45:27","date_gmt":"2024-06-12T10:45:27","guid":{"rendered":"https:\/\/staging.teutsch.ro\/?p=2879"},"modified":"2024-08-12T13:51:21","modified_gmt":"2024-08-12T10:51:21","slug":"expozitia-in-aer-liber-fritz-balthes-arhitect-1882-1914","status":"publish","type":"post","link":"https:\/\/teutsch.ro\/ro\/expozitia-in-aer-liber-fritz-balthes-arhitect-1882-1914\/","title":{"rendered":"Expozi\u0163ia \u00een aer liber: Fritz Balthes, arhitect. 1882-1914"},"content":{"rendered":"<p dir=\"ltr\"><img loading=\"lazy\" decoding=\"async\" class=\"alignright size-medium wp-image-2880\" src=\"https:\/\/teutsch.ro\/wp-content\/uploads\/2024\/08\/TH-Plakat-FB24-200x283.jpg\" alt=\"\" width=\"200\" height=\"283\" srcset=\"https:\/\/teutsch.ro\/wp-content\/uploads\/2024\/08\/TH-Plakat-FB24-200x283.jpg 200w, https:\/\/teutsch.ro\/wp-content\/uploads\/2024\/08\/TH-Plakat-FB24-470x665.jpg 470w, https:\/\/teutsch.ro\/wp-content\/uploads\/2024\/08\/TH-Plakat-FB24-100x141.jpg 100w, https:\/\/teutsch.ro\/wp-content\/uploads\/2024\/08\/TH-Plakat-FB24-768x1086.jpg 768w, https:\/\/teutsch.ro\/wp-content\/uploads\/2024\/08\/TH-Plakat-FB24-1086x1536.jpg 1086w, https:\/\/teutsch.ro\/wp-content\/uploads\/2024\/08\/TH-Plakat-FB24.jpg 1191w\" sizes=\"auto, (max-width: 200px) 100vw, 200px\" \/>\u00cen aceast\u0103 var\u0103, o expozi\u021bie \u00een aer liber va fi dedicat\u0103 lui Fritz Balthes, important arhitect, urbanist \u0219i conservator de monumente transilv\u0103nean. Vernisajul expozi\u021biei, preg\u0103tit\u0103 de Gerhild Rudolf \u0219i Stefan Jammer, va avea loc pe 21 iunie 2024, la ora 14.00, \u00een curtea Casei Teutsch (Mitropoliei 30).<\/p>\n<p>\u00cen Arhiva Central\u0103 a Bisericii Evanghelice C.A. din Rom\u00e2nia, la Centrul de dialog \u0219i cultur\u0103 \u201cFriedrich Teutsch\u201d, se afl\u0103 un patrimoniu par\u021bial al arhitectului sas Fritz Balthes, risipit \u00een fondurile unor arhive parohiale din localit\u0103\u021bile \u00een care arhitectul a activat. \u00cen 2014, Casa Teutsch a prezentat expozi\u021bia \u201ePatria zidit\u0103\u201d ca rezultat al unor cercet\u0103ri inedite \u00een arhive \u0219i pe teren. \u00cen 2021, un colectiv de autori a publicat cartea cuprinz\u0103toare: \u201eArhitectul Fritz Balthes 1882-1914. G\u00e2ndirea \u0219i opera sa \u2013 o contribu\u021bie la patrimoniul cultural transilv\u0103nean\u201d.<\/p>\n<p>Actuala expozi\u021bie atrage din nou aten\u021bia asupra operei remarcabile a arhitectului sighi\u0219orean \u0219i \u00eendreapt\u0103 aten\u021bia privitorului spre ceea ce este valoros \u0219i frumos \u00een \u00eemprejurimile noastre. Cl\u0103dirile nu sunt niciodat\u0103 lipsite de leg\u0103tur\u0103; ele sunt martore ale culturii \u0219i vie\u021bii societ\u0103\u021bii \u00een mijlocul c\u0103reia au fost create.<\/p>\n<p>Realizarea expozi\u021biei a fost sprijinit\u0103 de landul Carintia.<\/p>\n<p><strong>Expozi\u021bia poate vizitat\u0103 p\u00e2n\u0103 la 30 octombrie, zilnic \u00eentre orele 10:00-18:00, iar duminica \u0219i de s\u0103rb\u0103tori legale \u00eentre 11:30-18:00.<\/strong><\/p>\n","protected":false},"excerpt":{"rendered":"<p>\u00cen aceast\u0103 var\u0103, o expozi\u021bie \u00een aer liber va fi dedicat\u0103 lui Fritz Balthes, important arhitect, urbanist \u0219i conservator de monumente transilv\u0103nean. Vernisajul expozi\u021biei, preg\u0103tit\u0103 de Gerhild Rudolf \u0219i Stefan Jammer, va avea loc pe 21 iunie 2024, la ora 14.00, \u00een curtea Casei Teutsch (Mitropoliei 30). \u00cen Arhiva Central\u0103 a Bisericii Evanghelice C.A. din [&hellip;]<\/p>\n","protected":false},"author":1,"featured_media":2880,"comment_status":"closed","ping_status":"closed","sticky":false,"template":"","format":"standard","meta":{"footnotes":""},"categories":[13],"tags":[],"class_list":{"0":"post-2879","1":"post","2":"type-post","3":"status-publish","4":"format-standard","5":"has-post-thumbnail","7":"category-eveniment","8":"czr-hentry"},"_links":{"self":[{"href":"https:\/\/teutsch.ro\/ro\/wp-json\/wp\/v2\/posts\/2879","targetHints":{"allow":["GET"]}}],"collection":[{"href":"https:\/\/teutsch.ro\/ro\/wp-json\/wp\/v2\/posts"}],"about":[{"href":"https:\/\/teutsch.ro\/ro\/wp-json\/wp\/v2\/types\/post"}],"author":[{"embeddable":true,"href":"https:\/\/teutsch.ro\/ro\/wp-json\/wp\/v2\/users\/1"}],"replies":[{"embeddable":true,"href":"https:\/\/teutsch.ro\/ro\/wp-json\/wp\/v2\/comments?post=2879"}],"version-history":[{"count":1,"href":"https:\/\/teutsch.ro\/ro\/wp-json\/wp\/v2\/posts\/2879\/revisions"}],"predecessor-version":[{"id":2882,"href":"https:\/\/teutsch.ro\/ro\/wp-json\/wp\/v2\/posts\/2879\/revisions\/2882"}],"wp:featuredmedia":[{"embeddable":true,"href":"https:\/\/teutsch.ro\/ro\/wp-json\/wp\/v2\/media\/2880"}],"wp:attachment":[{"href":"https:\/\/teutsch.ro\/ro\/wp-json\/wp\/v2\/media?parent=2879"}],"wp:term":[{"taxonomy":"category","embeddable":true,"href":"https:\/\/teutsch.ro\/ro\/wp-json\/wp\/v2\/categories?post=2879"},{"taxonomy":"post_tag","embeddable":true,"href":"https:\/\/teutsch.ro\/ro\/wp-json\/wp\/v2\/tags?post=2879"}],"curies":[{"name":"wp","href":"https:\/\/api.w.org\/{rel}","templated":true}]}}