{"id":2370,"date":"2022-05-11T10:31:56","date_gmt":"2022-05-11T07:31:56","guid":{"rendered":"https:\/\/staging.teutsch.ro\/?p=2370"},"modified":"2022-05-11T10:32:46","modified_gmt":"2022-05-11T07:32:46","slug":"14-mai-noaptea-muzeelor-nm-2022-muzeul-din-casa-teutsch-trece-la-programul-de-vara","status":"publish","type":"post","link":"https:\/\/teutsch.ro\/ro\/14-mai-noaptea-muzeelor-nm-2022-muzeul-din-casa-teutsch-trece-la-programul-de-vara\/","title":{"rendered":"14 mai: Noaptea Muzeelor \u2013 NM 2022 Muzeul din Casa Teutsch trece la programul de var\u0103"},"content":{"rendered":"<p dir=\"ltr\"><img loading=\"lazy\" decoding=\"async\" class=\"alignright size-medium wp-image-2368\" alt=\"DSCF2200\" src=\"https:\/\/teutsch.ro\/wp-content\/uploads\/2022\/05\/DSCF2200-200x133.jpg\" width=\"200\" height=\"133\" srcset=\"https:\/\/teutsch.ro\/wp-content\/uploads\/2022\/05\/DSCF2200-200x133.jpg 200w, https:\/\/teutsch.ro\/wp-content\/uploads\/2022\/05\/DSCF2200-100x66.jpg 100w, https:\/\/teutsch.ro\/wp-content\/uploads\/2022\/05\/DSCF2200-665x443.jpg 665w, https:\/\/teutsch.ro\/wp-content\/uploads\/2022\/05\/DSCF2200.jpg 800w\" sizes=\"auto, (max-width: 200px) 100vw, 200px\" \/>\u00cen data de 14 mai, de &#8222;Noaptea Muzeelor&#8221; \u2013 NM 2022, muzeul bisericesc va fi deschis \u00eentre orele 10:00-22:00. Intrarea este gratuit\u0103.\u00a0La ora 20:00,\u00a0d-na\u00a0dr. Gudrun Ittu ofer\u0103 un ghidaj gratuit,\u00a0\u00een limba rom\u00e2n\u0103, \u00een expozi\u0163ia permanent\u0103 a muzeului.<\/p>\n<p dir=\"ltr\">De acces gratuit, pe tot parcursul anului, beneficiaz\u0103 vizitatorii expozi\u021biilor temporare din Sala Teras\u0103 \u2013 actualmente recenta expozi\u021bie de fotografie a lui J\u00fcrgen van Buer, curatoriat\u0103 de Josef Balazs: &#8222;str\u0103in : familiar | SIBIU : BRA\u015eOV | Dou\u0103 ora\u0219e din Transilvania.&#8221;<\/p>\n<p dir=\"ltr\">De la \u00eenceputul lunii mai p\u00e2n\u0103 la sf\u00e2r\u0219itul lunii octombrie (cu excep\u021bia s\u0103rb\u0103torilor legale \u0219i celor biserice\u0219ti), Muzeul Bisericii Evanghelice C.A. din Rom\u00e2nia, situat \u00een Casa Teutsch \u2013 Centrul de Dialog \u0219i Cultur\u0103, de pe strada Mitropoliei 30, va fi deschis de luni p\u00e2n\u0103 s\u00e2mb\u0103t\u0103, \u00eentre orele 10:00-17:00.<\/p>\n<p>&nbsp;<\/p>\n","protected":false},"excerpt":{"rendered":"<p>14 mai: Noaptea Muzeelor \u2013 NM 2022<br \/>\nMuzeul din Casa Teutsch trece la programul de var\u0103<\/p>\n","protected":false},"author":1,"featured_media":0,"comment_status":"closed","ping_status":"closed","sticky":false,"template":"","format":"standard","meta":{"footnotes":""},"categories":[13,12],"tags":[],"class_list":{"0":"post-2370","1":"post","2":"type-post","3":"status-publish","4":"format-standard","6":"category-eveniment","7":"category-muzeu","8":"czr-hentry"},"_links":{"self":[{"href":"https:\/\/teutsch.ro\/ro\/wp-json\/wp\/v2\/posts\/2370","targetHints":{"allow":["GET"]}}],"collection":[{"href":"https:\/\/teutsch.ro\/ro\/wp-json\/wp\/v2\/posts"}],"about":[{"href":"https:\/\/teutsch.ro\/ro\/wp-json\/wp\/v2\/types\/post"}],"author":[{"embeddable":true,"href":"https:\/\/teutsch.ro\/ro\/wp-json\/wp\/v2\/users\/1"}],"replies":[{"embeddable":true,"href":"https:\/\/teutsch.ro\/ro\/wp-json\/wp\/v2\/comments?post=2370"}],"version-history":[{"count":3,"href":"https:\/\/teutsch.ro\/ro\/wp-json\/wp\/v2\/posts\/2370\/revisions"}],"predecessor-version":[{"id":2373,"href":"https:\/\/teutsch.ro\/ro\/wp-json\/wp\/v2\/posts\/2370\/revisions\/2373"}],"wp:attachment":[{"href":"https:\/\/teutsch.ro\/ro\/wp-json\/wp\/v2\/media?parent=2370"}],"wp:term":[{"taxonomy":"category","embeddable":true,"href":"https:\/\/teutsch.ro\/ro\/wp-json\/wp\/v2\/categories?post=2370"},{"taxonomy":"post_tag","embeddable":true,"href":"https:\/\/teutsch.ro\/ro\/wp-json\/wp\/v2\/tags?post=2370"}],"curies":[{"name":"wp","href":"https:\/\/api.w.org\/{rel}","templated":true}]}}