{"id":2155,"date":"2020-01-28T13:28:01","date_gmt":"2020-01-28T11:28:01","guid":{"rendered":"https:\/\/staging.teutsch.ro\/?p=2155"},"modified":"2020-02-21T13:07:51","modified_gmt":"2020-02-21T11:07:51","slug":"prelegeri-in-luna-februarie","status":"publish","type":"post","link":"https:\/\/teutsch.ro\/ro\/prelegeri-in-luna-februarie\/","title":{"rendered":"Prelegeri \u00een luna februarie"},"content":{"rendered":"<p><a href=\"https:\/\/teutsch.ro\/wp-content\/uploads\/2020\/01\/Plakat-Vortra\u0308ge-2020.jpg\"><img loading=\"lazy\" decoding=\"async\" class=\"alignright size-medium wp-image-2152\" alt=\"Plakat Vortra\u0308ge 2020\" src=\"https:\/\/teutsch.ro\/wp-content\/uploads\/2020\/01\/Plakat-Vortra\u0308ge-2020-200x282.jpg\" width=\"200\" height=\"282\" srcset=\"https:\/\/teutsch.ro\/wp-content\/uploads\/2020\/01\/Plakat-Vortra\u0308ge-2020-200x282.jpg 200w, https:\/\/teutsch.ro\/wp-content\/uploads\/2020\/01\/Plakat-Vortra\u0308ge-2020-100x141.jpg 100w, https:\/\/teutsch.ro\/wp-content\/uploads\/2020\/01\/Plakat-Vortra\u0308ge-2020-470x665.jpg 470w, https:\/\/teutsch.ro\/wp-content\/uploads\/2020\/01\/Plakat-Vortra\u0308ge-2020.jpg 1191w\" sizes=\"auto, (max-width: 200px) 100vw, 200px\" \/><\/a>Sub genericul \u201eDep\u0103\u0219ind grani\u021be. Tradi\u021bie \u0219i transformare \u00een biseric\u0103, societate \u0219i cultur\u0103\u201d, publicul Sibian este invitat la o serie de prelegeri la Centrul de dialog \u0219i cultur\u0103 <i>Friedrich Teutsch<\/i> (str. Mitropoliei 30, et. 1).<\/p>\n<p>Cele dou\u0103 prelegeri \u00een limba rom\u00e2n\u0103 sunt:<\/p>\n<p>Mar\u021bi, 11 februarie 2020, ora 17: teologul dr. Alexandru Marius Cri\u0219an, cercet\u0103tor la Centrul de Cercetare Ecumenic\u0103 Sibiu, va vorbi despre \u201eTaiz\u00e9 \u2013 nostalgia experien\u021bei unei comuniuni universale\u201d, prezent\u00e2nd perspectiva tinerilor europeni asupra spiritualit\u0103\u021bii comunit\u0103\u021bii din Taiz\u00e9 (Fran\u021ba).<\/p>\n<p>Mar\u021bi, 18 februarie 2020, ora 17: dr. Raluca Maria Fr\u00eencu, muzeograf la Muzeul Na\u021bional Brukenthal \u2013 Casa Altemberger, prezint\u0103 \u201eSistemul vecin\u0103t\u0103\u021bilor la sa\u0219i\u201d, oferind astfel o descriere a sistemului de \u00eentrajutorare \u0219i solidaritate de-a lungul mai multor secole, care poate inspira societatea de azi.<\/p>\n<p>Pentru cunosc\u0103torii limbii germane sunt anun\u021bate \u0219i urm\u0103toarele prelegeri:<\/p>\n<p>Mar\u021bi, 4 februarie, Protopopul dr. Hans-Bruno Fr\u00f6hlich din Sighi\u0219oara va vorbi despre \u201eProblema recunoa\u0219terii Botezului Cre\u0219tin \u00eentre Biserica Evanghelic\u0103 \u0219i cea Ortodox\u0103 \u0219i aplicarea practic\u0103 a acesteia \u00een Rom\u00e2nia\u201d; iar luni, 10 februarie, va avea loc prezentarea a dou\u0103 c\u0103r\u021bi \u00een limba german\u0103, autorii fiind primpreotul emerit Wolfgang H. Rehner (\u201e\u00centre ieri \u0219i m\u00e2ine\u201d) \u0219i dr. Gerhild Rudolf, directoarea Casei Teutsch (\u201eR\u0103d\u0103cini \u0219i c\u0103i\u201d). Ambele c\u0103r\u021bi se refer\u0103 la procesele de transformare socio-politice, demografice \u0219i lingvistice ale minorit\u0103\u021bii germane din Transilvania.<\/p>\n<p>Prelegerile sunt organizate \u00een cadrul \u201eCentrului Est-european pentru Teologie Protestant\u0103\u201d (ZETO), inaugurat \u00een 2019 la Sibiu cu scopul intensific\u0103rii dialogului ecumenic \u0219i intercultural.<\/p>\n<p>Intrarea este liber\u0103. Informa\u021bii la tel. 0269-206730 \u0219i mail <a href=\"mailto:casa.teutsch@gmail.com\">casa.teutsch@gmail.com<\/a><\/p>\n","protected":false},"excerpt":{"rendered":"<p>Dialog ecumenic \u0219i intercultural.<\/p>\n","protected":false},"author":5,"featured_media":0,"comment_status":"closed","ping_status":"closed","sticky":false,"template":"","format":"standard","meta":{"footnotes":""},"categories":[13],"tags":[],"class_list":{"0":"post-2155","1":"post","2":"type-post","3":"status-publish","4":"format-standard","6":"category-eveniment","7":"czr-hentry"},"_links":{"self":[{"href":"https:\/\/teutsch.ro\/ro\/wp-json\/wp\/v2\/posts\/2155","targetHints":{"allow":["GET"]}}],"collection":[{"href":"https:\/\/teutsch.ro\/ro\/wp-json\/wp\/v2\/posts"}],"about":[{"href":"https:\/\/teutsch.ro\/ro\/wp-json\/wp\/v2\/types\/post"}],"author":[{"embeddable":true,"href":"https:\/\/teutsch.ro\/ro\/wp-json\/wp\/v2\/users\/5"}],"replies":[{"embeddable":true,"href":"https:\/\/teutsch.ro\/ro\/wp-json\/wp\/v2\/comments?post=2155"}],"version-history":[{"count":2,"href":"https:\/\/teutsch.ro\/ro\/wp-json\/wp\/v2\/posts\/2155\/revisions"}],"predecessor-version":[{"id":2170,"href":"https:\/\/teutsch.ro\/ro\/wp-json\/wp\/v2\/posts\/2155\/revisions\/2170"}],"wp:attachment":[{"href":"https:\/\/teutsch.ro\/ro\/wp-json\/wp\/v2\/media?parent=2155"}],"wp:term":[{"taxonomy":"category","embeddable":true,"href":"https:\/\/teutsch.ro\/ro\/wp-json\/wp\/v2\/categories?post=2155"},{"taxonomy":"post_tag","embeddable":true,"href":"https:\/\/teutsch.ro\/ro\/wp-json\/wp\/v2\/tags?post=2155"}],"curies":[{"name":"wp","href":"https:\/\/api.w.org\/{rel}","templated":true}]}}