{"id":2020,"date":"2019-07-01T18:18:48","date_gmt":"2019-07-01T15:18:48","guid":{"rendered":"https:\/\/staging.teutsch.ro\/?p=2020"},"modified":"2019-07-01T18:19:41","modified_gmt":"2019-07-01T15:19:41","slug":"paine-perspective-transilvanene-inspiratii-evanghelice","status":"publish","type":"post","link":"https:\/\/teutsch.ro\/ro\/paine-perspective-transilvanene-inspiratii-evanghelice\/","title":{"rendered":"P\u00c2INE. Perspective transilv\u0103nene, inspira\u021bii evanghelice"},"content":{"rendered":"<p dir=\"ltr\"><a href=\"https:\/\/teutsch.ro\/wp-content\/uploads\/2013\/04\/Plakat-A2-Brot19-A2.jpg\"><img loading=\"lazy\" decoding=\"async\" class=\"alignright size-medium wp-image-2015\" alt=\"Plakat A2 Brot19 A2\" src=\"https:\/\/teutsch.ro\/wp-content\/uploads\/2013\/04\/Plakat-A2-Brot19-A2-200x282.jpg\" width=\"200\" height=\"282\" srcset=\"https:\/\/teutsch.ro\/wp-content\/uploads\/2013\/04\/Plakat-A2-Brot19-A2-200x282.jpg 200w, https:\/\/teutsch.ro\/wp-content\/uploads\/2013\/04\/Plakat-A2-Brot19-A2-100x141.jpg 100w, https:\/\/teutsch.ro\/wp-content\/uploads\/2013\/04\/Plakat-A2-Brot19-A2-470x665.jpg 470w, https:\/\/teutsch.ro\/wp-content\/uploads\/2013\/04\/Plakat-A2-Brot19-A2.jpg 1588w\" sizes=\"auto, (max-width: 200px) 100vw, 200px\" \/><\/a><\/p>\n<p dir=\"ltr\">Prelegere \u00een limba german\u0103 de dr. Gerhild Rudolf, Sibiu;.<\/p>\n<p dir=\"ltr\">Luni, 8 iulie 2019, ora 18, \u00een biserica ev. Sf. Ioan, Sibiu, str. Mitropoliei 32<\/p>\n<p dir=\"ltr\">Directoarea Centrului de dialog \u0219i cultur\u0103 \u201eFriedrich-Teutsch\u201c prezint\u0103 activit\u0103\u021bi educa\u021bionale religioase legate de tematica p\u00e2inii.<\/p>\n<p dir=\"ltr\">Prelegerea \u00eenso\u021be\u0219te expozi\u021bia \u201ePatria \u00een bucate. O expozi\u021bie despre tradi\u021biile culinare, identitatea \u0219i integrarea germanilor din Europa de Est\u201c, prezentat\u0103 de Haus des Deutschen Ostens din M\u00fcnchen la Sibiu \u00een cooperare cu Casa Teutsch \u0219i libr\u0103ria-cafenea Erasmus. Expozi\u021bia bilingv\u0103 (rom\u00e2n\u0103 \u0219i german\u0103) este deschis\u0103 spre vizitare \u00een sala multifunc\u021bional\u0103 a Casei Teutsch p\u00e2n\u0103 \u00een 20 iulie 2019, de luni p\u00e2n\u0103 s\u00e2mb\u0103t\u0103, orele 10-17. Luni, 8 iulie, programul va fi prelungit p\u00e2n\u0103 la ora 18. Intrarea este liber\u0103.<\/p>\n<p>&nbsp;<\/p>\n","protected":false},"excerpt":{"rendered":"<p><b>P\u00c2INE. Perspective transilv\u0103nene, inspira\u021bii evanghelice.<\/b> Prelegere \u00een limba german\u0103 de dr. Gerhild Rudolf, Sibiu;. Luni, 8 iulie 2019, ora 18<\/p>\n","protected":false},"author":1,"featured_media":0,"comment_status":"closed","ping_status":"closed","sticky":false,"template":"","format":"standard","meta":{"footnotes":""},"categories":[13],"tags":[],"class_list":{"0":"post-2020","1":"post","2":"type-post","3":"status-publish","4":"format-standard","6":"category-eveniment","7":"czr-hentry"},"_links":{"self":[{"href":"https:\/\/teutsch.ro\/ro\/wp-json\/wp\/v2\/posts\/2020","targetHints":{"allow":["GET"]}}],"collection":[{"href":"https:\/\/teutsch.ro\/ro\/wp-json\/wp\/v2\/posts"}],"about":[{"href":"https:\/\/teutsch.ro\/ro\/wp-json\/wp\/v2\/types\/post"}],"author":[{"embeddable":true,"href":"https:\/\/teutsch.ro\/ro\/wp-json\/wp\/v2\/users\/1"}],"replies":[{"embeddable":true,"href":"https:\/\/teutsch.ro\/ro\/wp-json\/wp\/v2\/comments?post=2020"}],"version-history":[{"count":3,"href":"https:\/\/teutsch.ro\/ro\/wp-json\/wp\/v2\/posts\/2020\/revisions"}],"predecessor-version":[{"id":2023,"href":"https:\/\/teutsch.ro\/ro\/wp-json\/wp\/v2\/posts\/2020\/revisions\/2023"}],"wp:attachment":[{"href":"https:\/\/teutsch.ro\/ro\/wp-json\/wp\/v2\/media?parent=2020"}],"wp:term":[{"taxonomy":"category","embeddable":true,"href":"https:\/\/teutsch.ro\/ro\/wp-json\/wp\/v2\/categories?post=2020"},{"taxonomy":"post_tag","embeddable":true,"href":"https:\/\/teutsch.ro\/ro\/wp-json\/wp\/v2\/tags?post=2020"}],"curies":[{"name":"wp","href":"https:\/\/api.w.org\/{rel}","templated":true}]}}