{"id":1972,"date":"2019-05-10T14:11:41","date_gmt":"2019-05-10T11:11:41","guid":{"rendered":"https:\/\/staging.teutsch.ro\/?p=1972"},"modified":"2019-05-10T14:12:40","modified_gmt":"2019-05-10T11:12:40","slug":"noaptea-muzeelor-2","status":"publish","type":"post","link":"https:\/\/teutsch.ro\/ro\/noaptea-muzeelor-2\/","title":{"rendered":"NOAPTEA MUZEELOR"},"content":{"rendered":"<h1 dir=\"ltr\">la Muzeul Bisericii Evanghelice C.A. din Rom\u00e2nia<\/h1>\n<p dir=\"ltr\"><a href=\"https:\/\/teutsch.ro\/wp-content\/uploads\/2019\/05\/Plakat-A2-NM-19.jpg\"><img loading=\"lazy\" decoding=\"async\" class=\"alignright size-medium wp-image-1967\" alt=\"Plakat A2 NM 19\" src=\"https:\/\/teutsch.ro\/wp-content\/uploads\/2019\/05\/Plakat-A2-NM-19-200x282.jpg\" width=\"200\" height=\"282\" srcset=\"https:\/\/teutsch.ro\/wp-content\/uploads\/2019\/05\/Plakat-A2-NM-19-200x282.jpg 200w, https:\/\/teutsch.ro\/wp-content\/uploads\/2019\/05\/Plakat-A2-NM-19-100x141.jpg 100w, https:\/\/teutsch.ro\/wp-content\/uploads\/2019\/05\/Plakat-A2-NM-19-470x665.jpg 470w, https:\/\/teutsch.ro\/wp-content\/uploads\/2019\/05\/Plakat-A2-NM-19.jpg 1588w\" sizes=\"auto, (max-width: 200px) 100vw, 200px\" \/><\/a><\/p>\n<p dir=\"ltr\"><strong>\u00een Casa Teutsch din Sibiu<\/strong><\/p>\n<p>\u00cen cadrul evenimentului cunoscut drept NOAPTEA MUZEELOR, care \u00een anul 2019 are loc s\u00e2mb\u0103t\u0103 18 mai 2019, Muzeul Bisericii Evanghelice C.A. din Rom\u00e2nia, situat \u00een Casa Teutsch (Sibiu, str. Mitropoliei 30) este vizitabil gratuit \u00eentre orele 10:00-21:30. De asemenea, vizitatorii pot beneficia de ghidaj gratuit \u00een limba rom\u00e2n\u0103 de la ora 20:00.<\/p>\n<p dir=\"ltr\">La ora 18:00 va fi oferit\u0103 o introducere \u00een expozi\u0163ia temporar\u0103 \u201cStranele din Dupu\u0219 \u0219i restaurarea lor. Stranele transilv\u0103nene ale me\u0219terului Johannes Reychmut din Sighi\u0219oara.\u201c<\/p>\n<p dir=\"ltr\"><strong>EXPOZI\u0162IA PERMANENT\u0102<\/strong><\/p>\n<p dir=\"ltr\">Muzeul deschis \u00een 2007 prezint\u0103 \u00een circuitul de vizitare peste 800 de ani de istorie a sa\u015filor transilv\u0103neni \u015fi a bisericii lor. Prin exponate de excep\u0163ie, expozi\u0163ia permanent\u0103 documenteaz\u0103 istoria coloniz\u0103rii, cet\u0103\u0163ile biserice\u015fti, via\u0163a cultic\u0103 \u015fi comunitar\u0103, \u00eenv\u0103\u0163\u0103m\u00e2ntul confesional \u2013 toate acestea cu referire la contextul istoric, textele structurate tematic, prezent\u00e2nd o imagine de ansamblu. Piesele de mobilier bisericesc \u015fi o veritabil\u0103 colec\u0163ie de vase de cult fac din acest muzeu un l\u0103ca\u015f al memoriei Bisericii Evanghelice C.A.<\/p>\n<p dir=\"ltr\"><strong>EXPOZITIA TEMPORAR\u0102<\/strong><\/p>\n<p dir=\"ltr\">Stranele transilv\u0103nene ale me\u0219terului Johannes Reychmut din Sighi\u0219oara<\/p>\n<p dir=\"ltr\">Stranele din 1537, provenite din mica biseric\u0103 s\u0103seasc\u0103 din satul Dupu\u0219 (germ.: Tobsdorf) din Jude\u021bul Sibiu, au fost restaurate de speciali\u0219tii \u0218colii Superioare pentru \u0218tiin\u021be Aplicate \u0219i Art\u0103 (Hochschule f\u00fcr Angewandte Wissenschaft und Kunst \/HAWK) din Hildesheim \u0219i reinstalate \u00een biserica Sf. Margareta din Media\u0219, \u00een noiembrie 2018. Expozi\u021bia itinerant\u0103 elaborat\u0103 de HAWK Hildesheim documenteaz\u0103 \u0219i ilustreaz\u0103 procesul complex al salv\u0103rii acestui obiect de patrimoniu deosebit de valoros.<\/p>\n<p dir=\"ltr\"><strong>PROGRAMUL MUZEULUI<\/strong><\/p>\n<p dir=\"ltr\">\u00cen afara Nop\u0163ii Muzeelor, programul de var\u0103 al Muzeului Bisericii Evanghelice C.A. este luni \u2013 s\u00e2mb\u0103t\u0103, orele 10:00-17:00. \u00cenchis duminica \u015fi de s\u0103rb\u0103torile legale \u015fi religioase. Ghidaje cu programare prealabil\u0103 sunt oferite \u00een limba rom\u00e2n\u0103, german\u0103 sau englez\u0103.<\/p>\n<p dir=\"ltr\"><strong>CONTACT<\/strong><\/p>\n<p><strong>Coordonator muzeu: 0731 001364;\u00a0<a href=\"mailto:teutsch.museum@gmail.com\">teutsch.museum@gmail.com<\/a>;<\/strong><\/p>\n<p>&nbsp;<\/p>\n","protected":false},"excerpt":{"rendered":"<p>\u00cen cadrul evenimentului cunoscut drept NOAPTEA MUZEELOR, care \u00een anul 2019 are loc s\u00e2mb\u0103t\u0103 18 mai 2019, Muzeul Bisericii Evanghelice C.A. din Rom\u00e2nia (Sibiu, str. Mitropoliei 30) este vizitabil gratuit \u00eentre orele 10:00-21:30. <\/p>\n","protected":false},"author":1,"featured_media":0,"comment_status":"closed","ping_status":"closed","sticky":false,"template":"","format":"standard","meta":{"footnotes":""},"categories":[13,12],"tags":[],"class_list":{"0":"post-1972","1":"post","2":"type-post","3":"status-publish","4":"format-standard","6":"category-eveniment","7":"category-muzeu","8":"czr-hentry"},"_links":{"self":[{"href":"https:\/\/teutsch.ro\/ro\/wp-json\/wp\/v2\/posts\/1972","targetHints":{"allow":["GET"]}}],"collection":[{"href":"https:\/\/teutsch.ro\/ro\/wp-json\/wp\/v2\/posts"}],"about":[{"href":"https:\/\/teutsch.ro\/ro\/wp-json\/wp\/v2\/types\/post"}],"author":[{"embeddable":true,"href":"https:\/\/teutsch.ro\/ro\/wp-json\/wp\/v2\/users\/1"}],"replies":[{"embeddable":true,"href":"https:\/\/teutsch.ro\/ro\/wp-json\/wp\/v2\/comments?post=1972"}],"version-history":[{"count":4,"href":"https:\/\/teutsch.ro\/ro\/wp-json\/wp\/v2\/posts\/1972\/revisions"}],"predecessor-version":[{"id":1976,"href":"https:\/\/teutsch.ro\/ro\/wp-json\/wp\/v2\/posts\/1972\/revisions\/1976"}],"wp:attachment":[{"href":"https:\/\/teutsch.ro\/ro\/wp-json\/wp\/v2\/media?parent=1972"}],"wp:term":[{"taxonomy":"category","embeddable":true,"href":"https:\/\/teutsch.ro\/ro\/wp-json\/wp\/v2\/categories?post=1972"},{"taxonomy":"post_tag","embeddable":true,"href":"https:\/\/teutsch.ro\/ro\/wp-json\/wp\/v2\/tags?post=1972"}],"curies":[{"name":"wp","href":"https:\/\/api.w.org\/{rel}","templated":true}]}}