{"id":1931,"date":"2019-01-29T18:18:26","date_gmt":"2019-01-29T16:18:26","guid":{"rendered":"https:\/\/staging.teutsch.ro\/?p=1931"},"modified":"2019-01-29T18:18:26","modified_gmt":"2019-01-29T16:18:26","slug":"prelegeri-in-casa-teutsch","status":"publish","type":"post","link":"https:\/\/teutsch.ro\/ro\/prelegeri-in-casa-teutsch\/","title":{"rendered":"Prelegeri \u00een Casa Teutsch"},"content":{"rendered":"<p dir=\"ltr\"><a href=\"https:\/\/teutsch.ro\/wp-content\/uploads\/2019\/01\/Plakat-A2-VO-119-BT.jpg\"><img loading=\"lazy\" decoding=\"async\" class=\"alignright size-medium wp-image-1926\" alt=\"Plakat A2 VO 119 BT\" src=\"https:\/\/teutsch.ro\/wp-content\/uploads\/2019\/01\/Plakat-A2-VO-119-BT-200x282.jpg\" width=\"200\" height=\"282\" srcset=\"https:\/\/teutsch.ro\/wp-content\/uploads\/2019\/01\/Plakat-A2-VO-119-BT-200x282.jpg 200w, https:\/\/teutsch.ro\/wp-content\/uploads\/2019\/01\/Plakat-A2-VO-119-BT-100x141.jpg 100w, https:\/\/teutsch.ro\/wp-content\/uploads\/2019\/01\/Plakat-A2-VO-119-BT-470x665.jpg 470w, https:\/\/teutsch.ro\/wp-content\/uploads\/2019\/01\/Plakat-A2-VO-119-BT.jpg 596w\" sizes=\"auto, (max-width: 200px) 100vw, 200px\" \/><\/a>Domnul<em> ing. Marcel Stancu<\/em> va prezenta mar\u021bi, <strong>5 februarie 2019<\/strong>, ora 17, prelegerea \u201cDr. Carl Wolff (1849-1929) \u0219i progresul comunit\u0103\u021bii. Aspecte ale electrific\u0103rii Sibiului\u201d.<\/p>\n<p dir=\"ltr\">Anul acesta se \u00eemplinesc 170 de ani de la na\u0219terea \u0219i 90 de ani de la moartea marelui sibian Carl Wolff. Prin acest eveniment dorim s\u0103 aducem \u00een aten\u021bia locuitorilor Sibiului activitatea prolific\u0103 \u0219i benefic\u0103 a unei personalit\u0103\u021bi deosebite.<\/p>\n<p dir=\"ltr\">Prelegerea va fi \u00een limba rom\u00e2n\u0103. Intrarea este liber\u0103.<\/p>\n<p>&nbsp;<\/p>\n","protected":false},"excerpt":{"rendered":"<p>Domnul ing. Marcel Stancu va prezenta mar\u021bi, 5 februarie 2019, ora 17, prelegerea \u201cDr. Carl Wolff (1849-1929) \u0219i progresul comunit\u0103\u021bii. Aspecte ale electrific\u0103rii Sibiului\u201d.<\/p>\n","protected":false},"author":1,"featured_media":0,"comment_status":"closed","ping_status":"closed","sticky":false,"template":"","format":"standard","meta":{"footnotes":""},"categories":[13],"tags":[],"class_list":{"0":"post-1931","1":"post","2":"type-post","3":"status-publish","4":"format-standard","6":"category-eveniment","7":"czr-hentry"},"_links":{"self":[{"href":"https:\/\/teutsch.ro\/ro\/wp-json\/wp\/v2\/posts\/1931","targetHints":{"allow":["GET"]}}],"collection":[{"href":"https:\/\/teutsch.ro\/ro\/wp-json\/wp\/v2\/posts"}],"about":[{"href":"https:\/\/teutsch.ro\/ro\/wp-json\/wp\/v2\/types\/post"}],"author":[{"embeddable":true,"href":"https:\/\/teutsch.ro\/ro\/wp-json\/wp\/v2\/users\/1"}],"replies":[{"embeddable":true,"href":"https:\/\/teutsch.ro\/ro\/wp-json\/wp\/v2\/comments?post=1931"}],"version-history":[{"count":1,"href":"https:\/\/teutsch.ro\/ro\/wp-json\/wp\/v2\/posts\/1931\/revisions"}],"predecessor-version":[{"id":1932,"href":"https:\/\/teutsch.ro\/ro\/wp-json\/wp\/v2\/posts\/1931\/revisions\/1932"}],"wp:attachment":[{"href":"https:\/\/teutsch.ro\/ro\/wp-json\/wp\/v2\/media?parent=1931"}],"wp:term":[{"taxonomy":"category","embeddable":true,"href":"https:\/\/teutsch.ro\/ro\/wp-json\/wp\/v2\/categories?post=1931"},{"taxonomy":"post_tag","embeddable":true,"href":"https:\/\/teutsch.ro\/ro\/wp-json\/wp\/v2\/tags?post=1931"}],"curies":[{"name":"wp","href":"https:\/\/api.w.org\/{rel}","templated":true}]}}