{"id":1904,"date":"2018-05-09T11:21:36","date_gmt":"2018-05-09T08:21:36","guid":{"rendered":"https:\/\/staging.teutsch.ro\/?p=1904"},"modified":"2018-05-09T11:22:01","modified_gmt":"2018-05-09T08:22:01","slug":"noaptea-muzeelor","status":"publish","type":"post","link":"https:\/\/teutsch.ro\/ro\/noaptea-muzeelor\/","title":{"rendered":"NOAPTEA MUZEELOR"},"content":{"rendered":"<p dir=\"ltr\"><img loading=\"lazy\" decoding=\"async\" class=\"alignright size-medium wp-image-1891\" alt=\"Crucea Cisnadie, poza dp diapozitiv, Muzeul Bis. Ev.\" src=\"https:\/\/teutsch.ro\/wp-content\/uploads\/2018\/05\/Crucea-Cisnadie-poza-dp-diapozitiv-Muzeul-Bis.-Ev.-200x266.jpg\" width=\"200\" height=\"266\" srcset=\"https:\/\/teutsch.ro\/wp-content\/uploads\/2018\/05\/Crucea-Cisnadie-poza-dp-diapozitiv-Muzeul-Bis.-Ev.-200x266.jpg 200w, https:\/\/teutsch.ro\/wp-content\/uploads\/2018\/05\/Crucea-Cisnadie-poza-dp-diapozitiv-Muzeul-Bis.-Ev.-100x133.jpg 100w, https:\/\/teutsch.ro\/wp-content\/uploads\/2018\/05\/Crucea-Cisnadie-poza-dp-diapozitiv-Muzeul-Bis.-Ev.-498x665.jpg 498w\" sizes=\"auto, (max-width: 200px) 100vw, 200px\" \/>la Muzeul Bisericii Evanghelice C.A. din Rom\u00e2nia<\/p>\n<p dir=\"ltr\">\u00een Casa Teutsch din Sibiu<\/p>\n<p dir=\"ltr\">\u00cen cadrul evenimentului cunoscut drept NOAPTEA MUZEELOR, care \u00een anul 2018 are loc s\u00e2mb\u0103t\u0103 19 mai 2018, Muzeul Bisericii Evanghelice C.A. din Rom\u00e2nia, situat \u00een Casa Teutsch (Sibiu, str. Mitropoliei 30) este vizitabil gratuit \u00eentre orele 10:00-21:30. De asemenea, vizitatorii pot beneficia de ghidaj gratuit \u00een limba rom\u00e2n\u0103 de la ora 20:00. La ora 19:00 va fi oferit\u0103 o introducere \u00een expozi\u0163ia temporar\u0103 Hans Hermann (1885-1980) \u2013 Re\u00eent\u00e2lnire. Grafic\u0103 din \u015fase decenii.<\/p>\n<p dir=\"ltr\"><strong>EXPOZI\u0162IA PERMANENT\u0102<\/strong><\/p>\n<p dir=\"ltr\">Muzeul deschis \u00een 2007 prezint\u0103 \u00een circuitul de vizitare peste 800 de ani de istorie a sa\u015filor transilv\u0103neni \u015fi a bisericii lor. Prin exponate de excep\u0163ie, expozi\u0163ia permanent\u0103 documenteaz\u0103 istoria coloniz\u0103rii, cet\u0103\u0163ile biserice\u015fti, via\u0163a cultic\u0103 \u015fi comunitar\u0103, \u00eenv\u0103\u0163\u0103m\u00e2ntul confesional \u2013 toate acestea cu referire la contextul istoric, textele structurate tematic, prezent\u00e2nd o imagine de ansamblu. Piesele de mobilier bisericesc \u015fi o veritabil\u0103 colec\u0163ie de vase de cult fac din acest muzeu un l\u0103ca\u015f al memoriei Bisericii Evanghelice C.A.<\/p>\n<p dir=\"ltr\"><strong>EXPOZITIA TEMPORAR\u0102<\/strong><\/p>\n<p dir=\"ltr\">Expozi\u0163ia Hans Hermann (1885-1980) \u2013 Re\u00eent\u00e2lnire. Grafic\u0103 din \u015fase decenii, o retrospectiv\u0103 de grafic\u0103 a cunoscutului artist sibian, va putea fi vizitat\u0103 \u00eentre 14.03. \u015fi 28.07.2018 la Casa Teutsch \u2013 Centrul de dialog \u015fi cultur\u0103 al Bisericii Evanghelice. Hans Hermann a fost o personalitate a societ\u0103\u0163ii artistice rom\u00e2ne\u015fti, av\u00e2nd \u015fi meritul de a fi sus\u0163inut via\u0163a artistic\u0103 local\u0103 \u015fi regional\u0103 \u00een calitate de pre\u015fedinte al filialei Uniunii Arti\u015ftilor Plastici, \u00een anii postbelici p\u00e2n\u0103 \u00een 1966 \u2013 vremuri zbuciumate din punct de vedere politic \u015fi economic. Faima artistic\u0103 o datoreaz\u0103 \u00een mare parte operei sale grafice, neobi\u015fnuit de ampl\u0103 \u015fi de larg r\u0103sp\u00e2ndit\u0103, cu o preferin\u0163\u0103 tematic\u0103 net\u0103 pentru siturile de arhitectur\u0103 istoric\u0103 ale ora\u015felor din Transilvania.<\/p>\n<p dir=\"ltr\"><strong>PROGRAMUL MUZEULUI<\/strong><\/p>\n<p dir=\"ltr\">\u00cen afara Nop\u0163ii Muzeelor, programul de var\u0103 al Muzeului Bisericii Evanghelice C.A. este luni \u2013 s\u00e2mb\u0103t\u0103, orele 10:00-17:00. \u00cenchis duminica \u015fi de s\u0103rb\u0103torile legale \u015fi religioase. Ghidaje cu programare prealabil\u0103 sunt oferite \u00een limba rom\u00e2n\u0103, german\u0103 sau englez\u0103.<\/p>\n<p dir=\"ltr\"><strong>CONTACT<\/strong><\/p>\n<p dir=\"ltr\"><strong>Coordonator muzeu: 0731 001364; <a href=\"mailto:teutsch.museum@gmail.com\">teutsch.museum@gmail.com<\/a>;<\/strong><\/p>\n<p dir=\"ltr\"><a href=\"https:\/\/teutsch.ro\/ro\/muzeu-patrimoniu\/\">www.teutsch.ro\/ro\/muzeu-patrimoniu\/<\/a>; <a href=\"https:\/\/teutsch.ro\/\">www.teutsch.ro<\/a><\/p>\n<p><em>Coordonator muzeu, H. K\u00f6nig<\/em><\/p>\n<p dir=\"ltr\"><em>Director Casa Teutsch, G. Rudolf<\/em><\/p>\n<p>&nbsp;<\/p>\n","protected":false},"excerpt":{"rendered":"<p>\u00cen cadrul evenimentului cunoscut drept NOAPTEA MUZEELOR, care \u00een anul 2018 are loc s\u00e2mb\u0103t\u0103 19 mai 2018, Muzeul Bisericii Evanghelice C.A. din Rom\u00e2nia, situat \u00een Casa Teutsch<\/p>\n","protected":false},"author":1,"featured_media":0,"comment_status":"closed","ping_status":"closed","sticky":false,"template":"","format":"standard","meta":{"footnotes":""},"categories":[12],"tags":[],"class_list":{"0":"post-1904","1":"post","2":"type-post","3":"status-publish","4":"format-standard","6":"category-muzeu","7":"czr-hentry"},"_links":{"self":[{"href":"https:\/\/teutsch.ro\/ro\/wp-json\/wp\/v2\/posts\/1904","targetHints":{"allow":["GET"]}}],"collection":[{"href":"https:\/\/teutsch.ro\/ro\/wp-json\/wp\/v2\/posts"}],"about":[{"href":"https:\/\/teutsch.ro\/ro\/wp-json\/wp\/v2\/types\/post"}],"author":[{"embeddable":true,"href":"https:\/\/teutsch.ro\/ro\/wp-json\/wp\/v2\/users\/1"}],"replies":[{"embeddable":true,"href":"https:\/\/teutsch.ro\/ro\/wp-json\/wp\/v2\/comments?post=1904"}],"version-history":[{"count":2,"href":"https:\/\/teutsch.ro\/ro\/wp-json\/wp\/v2\/posts\/1904\/revisions"}],"predecessor-version":[{"id":1906,"href":"https:\/\/teutsch.ro\/ro\/wp-json\/wp\/v2\/posts\/1904\/revisions\/1906"}],"wp:attachment":[{"href":"https:\/\/teutsch.ro\/ro\/wp-json\/wp\/v2\/media?parent=1904"}],"wp:term":[{"taxonomy":"category","embeddable":true,"href":"https:\/\/teutsch.ro\/ro\/wp-json\/wp\/v2\/categories?post=1904"},{"taxonomy":"post_tag","embeddable":true,"href":"https:\/\/teutsch.ro\/ro\/wp-json\/wp\/v2\/tags?post=1904"}],"curies":[{"name":"wp","href":"https:\/\/api.w.org\/{rel}","templated":true}]}}