{"id":1838,"date":"2017-11-03T14:34:04","date_gmt":"2017-11-03T12:34:04","guid":{"rendered":"https:\/\/staging.teutsch.ro\/?p=1838"},"modified":"2017-11-03T14:34:16","modified_gmt":"2017-11-03T12:34:16","slug":"10-ani-muzeul-bisericii-evanghelice-c-a","status":"publish","type":"post","link":"https:\/\/teutsch.ro\/ro\/10-ani-muzeul-bisericii-evanghelice-c-a\/","title":{"rendered":"10 ani \u2013 Muzeul Bisericii Evanghelice C.A."},"content":{"rendered":"<p><a href=\"https:\/\/teutsch.ro\/wp-content\/uploads\/2017\/11\/A2-Teutsch-10F.jpg\"><img loading=\"lazy\" decoding=\"async\" class=\"alignright size-medium wp-image-1835\" alt=\"A2 Teutsch 10F\" src=\"https:\/\/teutsch.ro\/wp-content\/uploads\/2017\/11\/A2-Teutsch-10F-200x282.jpg\" width=\"200\" height=\"282\" srcset=\"https:\/\/teutsch.ro\/wp-content\/uploads\/2017\/11\/A2-Teutsch-10F-200x282.jpg 200w, https:\/\/teutsch.ro\/wp-content\/uploads\/2017\/11\/A2-Teutsch-10F-100x141.jpg 100w, https:\/\/teutsch.ro\/wp-content\/uploads\/2017\/11\/A2-Teutsch-10F-470x665.jpg 470w, https:\/\/teutsch.ro\/wp-content\/uploads\/2017\/11\/A2-Teutsch-10F.jpg 530w\" sizes=\"auto, (max-width: 200px) 100vw, 200px\" \/><\/a>\u00cen 10 noiembrie 2017, ora 17, Muzeul Bisericii Evanghelice C.A. \u00ee\u015fi s\u0103rb\u0103tore\u015fte jubileuel de zece ani. Episcopul Reinhart Guib va celebra o vecernie \u00een biserica Sf. Ioan cu muzic\u0103 oferit\u0103 de J\u00fcrg Leutert. Urmeaz\u0103 alocu\u0163iuni, amintiri, discu\u0163ii \u015fi o recep\u0163ie \u00een sala multifunc\u0163ionl\u0103 a Casei Teutsch la et. 1. \u00cen cadrul evenimentului va avea loc \u015fi finisajul expozi\u0163iei \u201eReformatio Tansilvaniae 500\u201c.<\/p>\n","protected":false},"excerpt":{"rendered":"<p>\u00cen 10 noiembrie 2017, ora 17, Muzeul Bisericii Evanghelice C.A. \u00ee\u015fi s\u0103rb\u0103tore\u015fte jubileuel de zece ani. Episcopul Reinhart Guib va celebra o vecernie \u00een biserica Sf. Ioan cu muzic\u0103 oferit\u0103 de J\u00fcrg Leutert.<\/p>\n","protected":false},"author":1,"featured_media":0,"comment_status":"closed","ping_status":"closed","sticky":false,"template":"","format":"standard","meta":{"footnotes":""},"categories":[13,12],"tags":[],"class_list":{"0":"post-1838","1":"post","2":"type-post","3":"status-publish","4":"format-standard","6":"category-eveniment","7":"category-muzeu","8":"czr-hentry"},"_links":{"self":[{"href":"https:\/\/teutsch.ro\/ro\/wp-json\/wp\/v2\/posts\/1838","targetHints":{"allow":["GET"]}}],"collection":[{"href":"https:\/\/teutsch.ro\/ro\/wp-json\/wp\/v2\/posts"}],"about":[{"href":"https:\/\/teutsch.ro\/ro\/wp-json\/wp\/v2\/types\/post"}],"author":[{"embeddable":true,"href":"https:\/\/teutsch.ro\/ro\/wp-json\/wp\/v2\/users\/1"}],"replies":[{"embeddable":true,"href":"https:\/\/teutsch.ro\/ro\/wp-json\/wp\/v2\/comments?post=1838"}],"version-history":[{"count":2,"href":"https:\/\/teutsch.ro\/ro\/wp-json\/wp\/v2\/posts\/1838\/revisions"}],"predecessor-version":[{"id":1840,"href":"https:\/\/teutsch.ro\/ro\/wp-json\/wp\/v2\/posts\/1838\/revisions\/1840"}],"wp:attachment":[{"href":"https:\/\/teutsch.ro\/ro\/wp-json\/wp\/v2\/media?parent=1838"}],"wp:term":[{"taxonomy":"category","embeddable":true,"href":"https:\/\/teutsch.ro\/ro\/wp-json\/wp\/v2\/categories?post=1838"},{"taxonomy":"post_tag","embeddable":true,"href":"https:\/\/teutsch.ro\/ro\/wp-json\/wp\/v2\/tags?post=1838"}],"curies":[{"name":"wp","href":"https:\/\/api.w.org\/{rel}","templated":true}]}}