{"id":1815,"date":"2017-03-21T23:06:13","date_gmt":"2017-03-21T21:06:13","guid":{"rendered":"https:\/\/staging.teutsch.ro\/?p=1815"},"modified":"2017-03-21T23:06:39","modified_gmt":"2017-03-21T21:06:39","slug":"reformatio-transilvaniae-500-spatii-si-simboluri-ale-sacrului-sub-incidenta-reformei","status":"publish","type":"post","link":"https:\/\/teutsch.ro\/ro\/reformatio-transilvaniae-500-spatii-si-simboluri-ale-sacrului-sub-incidenta-reformei\/","title":{"rendered":"REFORMATIO TRANSILVANIAE 500 \u2013 Spa\u0163ii \u015fi simboluri ale sacrului sub inciden\u0163a Reformei"},"content":{"rendered":"<p dir=\"ltr\"><a href=\"https:\/\/teutsch.ro\/wp-content\/uploads\/2017\/03\/RIS.jpg\"><img loading=\"lazy\" decoding=\"async\" class=\"alignright size-medium wp-image-1813\" alt=\"RIS\" src=\"https:\/\/teutsch.ro\/wp-content\/uploads\/2017\/03\/RIS-200x283.jpg\" width=\"200\" height=\"283\" srcset=\"https:\/\/teutsch.ro\/wp-content\/uploads\/2017\/03\/RIS-200x283.jpg 200w, https:\/\/teutsch.ro\/wp-content\/uploads\/2017\/03\/RIS-100x141.jpg 100w, https:\/\/teutsch.ro\/wp-content\/uploads\/2017\/03\/RIS-469x665.jpg 469w, https:\/\/teutsch.ro\/wp-content\/uploads\/2017\/03\/RIS.jpg 842w\" sizes=\"auto, (max-width: 200px) 100vw, 200px\" \/><\/a>O nou\u0103 expozi\u0163ie dedicat\u0103 Reformei, de la care \u00een 2017 se \u00eemplinesc 500 de ani, se va deschide \u00een data de 28 martie la sala de expozi\u0163ii a Casei Teutsch. Expozi\u0163ia intitulat\u0103 \u201eSpa\u0163ii \u015fi simboluri ale sacrului sub inciden\u0163a Reformei \u00een Transilvania\u201c prezint\u0103 schimb\u0103rile survenite la nivel de mobilier liturgic \u015fi metafor\u0103 spa\u0163ial\u0103, \u00een urma reform\u0103rii dogmei \u015fi practicii Sf\u00eentei \u00cemp\u0103rt\u0103\u015fanii \u00een actuala Biseric\u0103 Evanghelic\u0103 C.A. Prin reproducerile de documente, \u00eenso\u0163ite de regeste bilingve, se va putea reconstitui zbuciumul politic al secolului al XVI-lea, precum \u015fi efortul de ap\u0103rare a doctrinei. Obiecte sugestive vor ilustra pre\u0163ioasele con\u0163inuturi sacrale. Cooperarea cu Muzeul Transilvan din Gundelsheim s-a materializat \u00een prezentarea filonului tematic al expozi\u0163iei.<\/p>\n<p><strong>Vernisaj: 28 martie 2017, ora 17.<\/strong><\/p>\n<p>Durata expozi\u0163iei: 28 martie \u2013 10 noiembrie 2017<br \/>\nProgram de vizitare: aprilie: lu-vi 10:00-17:00; mai-nov.: lu-sa 10:00-17:00.<br \/>\nIntrarea este liber\u0103.<br \/>\nExpozi\u0163ia este corelat\u0103 cu proiectul \u201eSpa\u0163ii sacrale ca locuri memoriale Europene\u201d al Uniunii Europene, coordonat de Asocia\u0163ia Otto Bartning-Arbeitsgemeinschaft Kirchenbau \u00a0(OBAK) Berlin, proiect \u00een care Casa Teutsch este partener\u0103.<\/p>\n","protected":false},"excerpt":{"rendered":"<p>O nou\u0103 expozi\u0163ie dedicat\u0103 Reformei, de la care \u00een 2017 se \u00eemplinesc 500 de ani, se va deschide \u00een data de 28 martie la sala de expozi\u0163ii a Casei Teutsch. Expozi\u0163ia intitulat\u0103 \u201eSpa\u0163ii \u015fi simboluri ale sacrului sub inciden\u0163a Reformei \u00een Transilvania\u201c prezint\u0103 schimb\u0103rile survenite la nivel de mobilier liturgic \u015fi metafor\u0103 spa\u0163ial\u0103, \u00een urma [&hellip;]<\/p>\n","protected":false},"author":1,"featured_media":0,"comment_status":"closed","ping_status":"closed","sticky":false,"template":"","format":"standard","meta":{"footnotes":""},"categories":[13,12],"tags":[],"class_list":{"0":"post-1815","1":"post","2":"type-post","3":"status-publish","4":"format-standard","6":"category-eveniment","7":"category-muzeu","8":"czr-hentry"},"_links":{"self":[{"href":"https:\/\/teutsch.ro\/ro\/wp-json\/wp\/v2\/posts\/1815","targetHints":{"allow":["GET"]}}],"collection":[{"href":"https:\/\/teutsch.ro\/ro\/wp-json\/wp\/v2\/posts"}],"about":[{"href":"https:\/\/teutsch.ro\/ro\/wp-json\/wp\/v2\/types\/post"}],"author":[{"embeddable":true,"href":"https:\/\/teutsch.ro\/ro\/wp-json\/wp\/v2\/users\/1"}],"replies":[{"embeddable":true,"href":"https:\/\/teutsch.ro\/ro\/wp-json\/wp\/v2\/comments?post=1815"}],"version-history":[{"count":2,"href":"https:\/\/teutsch.ro\/ro\/wp-json\/wp\/v2\/posts\/1815\/revisions"}],"predecessor-version":[{"id":1817,"href":"https:\/\/teutsch.ro\/ro\/wp-json\/wp\/v2\/posts\/1815\/revisions\/1817"}],"wp:attachment":[{"href":"https:\/\/teutsch.ro\/ro\/wp-json\/wp\/v2\/media?parent=1815"}],"wp:term":[{"taxonomy":"category","embeddable":true,"href":"https:\/\/teutsch.ro\/ro\/wp-json\/wp\/v2\/categories?post=1815"},{"taxonomy":"post_tag","embeddable":true,"href":"https:\/\/teutsch.ro\/ro\/wp-json\/wp\/v2\/tags?post=1815"}],"curies":[{"name":"wp","href":"https:\/\/api.w.org\/{rel}","templated":true}]}}