{"id":1764,"date":"2016-09-20T19:10:51","date_gmt":"2016-09-20T16:10:51","guid":{"rendered":"https:\/\/staging.teutsch.ro\/?p=1764"},"modified":"2016-09-20T19:11:04","modified_gmt":"2016-09-20T16:11:04","slug":"secvente-autumnale-expozitie-de-arta-fotografica-fred-nuss","status":"publish","type":"post","link":"https:\/\/teutsch.ro\/ro\/secvente-autumnale-expozitie-de-arta-fotografica-fred-nuss\/","title":{"rendered":"Secven\u0163e autumnale. Expozi\u0163ie de art\u0103 fotografic\u0103 Fred Nuss"},"content":{"rendered":"<p>&nbsp;<\/p>\n<p><a href=\"https:\/\/teutsch.ro\/wp-content\/uploads\/2016\/09\/Plakat-FN-1F.jpg\"><img loading=\"lazy\" decoding=\"async\" class=\"alignleft size-medium wp-image-1756\" alt=\"Plakat FN 1F\" src=\"https:\/\/teutsch.ro\/wp-content\/uploads\/2016\/09\/Plakat-FN-1F-200x282.jpg\" width=\"200\" height=\"282\" srcset=\"https:\/\/teutsch.ro\/wp-content\/uploads\/2016\/09\/Plakat-FN-1F-200x282.jpg 200w, https:\/\/teutsch.ro\/wp-content\/uploads\/2016\/09\/Plakat-FN-1F-100x141.jpg 100w, https:\/\/teutsch.ro\/wp-content\/uploads\/2016\/09\/Plakat-FN-1F-470x665.jpg 470w, https:\/\/teutsch.ro\/wp-content\/uploads\/2016\/09\/Plakat-FN-1F.jpg 1191w\" sizes=\"auto, (max-width: 200px) 100vw, 200px\" \/><\/a>O expozi\u0163ie de Fred Nuss &#8211; artist FIAP &#8211; a fost vernisat\u0103 \u00een prezen\u0163a artistului joi, 15 septembrie 2016, \u00een Centrul de dialog \u015fi cultur\u0103 Friedrich Teutsch (Str. Mitropoliei 30).<br \/>\nFred Nuss este cunoscut \u015fi apreciat de publicul sibian datorit\u0103 calit\u0103\u0163ii excep\u0163ionale ale operei sale care este deosebit de vast\u0103 at\u00e2t \u00een ceea ce prive\u015fte durata activit\u0103\u0163ii sale c\u00e2t \u015fi cu privire la paleta larg\u0103 a motivelor fotografiate.<br \/>\nPrin actuala expozi\u0163ie, &#8222;Secven\u0163e autumnale&#8221;, publicul sibian este invitat s\u0103 se lase cuprins de atmosfera toamnei, captivat\u0103 de artist \u00eentr-o colec\u0163ie deosebit\u0103 de fotografii, \u00een care culoarea \u015fi forma, lumina \u015fi umbra \u0163es un \u00eentreg autentic \u015fi o atmosfer\u0103 fascinant\u0103.<br \/>\nExpozi\u0163ia la etajul 1 al Casei Teutsch va fi deschis\u0103 spre vizitare p\u00e2n\u0103 \u00een 15 octombrie 2016, de luni p\u00e2n\u0103 vineri, \u00eentre orele 10-16.30. Intrarea este liber\u0103.<\/p>\n<p>&nbsp;<\/p>\n<p>&nbsp;<\/p>\n<p>&nbsp;<\/p>\n<p>&nbsp;<\/p>\n<p>&nbsp;<\/p>\n","protected":false},"excerpt":{"rendered":"<p>O expozi\u0163ie de Fred Nuss &#8211; artist FIAP &#8211; a fost vernisat\u0103 \u00een prezen\u0163a artistului joi, 15 septembrie 2016, \u00een Centrul de dialog \u015fi cultur\u0103 Friedrich Teutsch (Str. Mitropoliei 30).<\/p>\n","protected":false},"author":1,"featured_media":0,"comment_status":"closed","ping_status":"closed","sticky":false,"template":"","format":"standard","meta":{"footnotes":""},"categories":[13],"tags":[],"class_list":{"0":"post-1764","1":"post","2":"type-post","3":"status-publish","4":"format-standard","6":"category-eveniment","7":"czr-hentry"},"_links":{"self":[{"href":"https:\/\/teutsch.ro\/ro\/wp-json\/wp\/v2\/posts\/1764","targetHints":{"allow":["GET"]}}],"collection":[{"href":"https:\/\/teutsch.ro\/ro\/wp-json\/wp\/v2\/posts"}],"about":[{"href":"https:\/\/teutsch.ro\/ro\/wp-json\/wp\/v2\/types\/post"}],"author":[{"embeddable":true,"href":"https:\/\/teutsch.ro\/ro\/wp-json\/wp\/v2\/users\/1"}],"replies":[{"embeddable":true,"href":"https:\/\/teutsch.ro\/ro\/wp-json\/wp\/v2\/comments?post=1764"}],"version-history":[{"count":2,"href":"https:\/\/teutsch.ro\/ro\/wp-json\/wp\/v2\/posts\/1764\/revisions"}],"predecessor-version":[{"id":1766,"href":"https:\/\/teutsch.ro\/ro\/wp-json\/wp\/v2\/posts\/1764\/revisions\/1766"}],"wp:attachment":[{"href":"https:\/\/teutsch.ro\/ro\/wp-json\/wp\/v2\/media?parent=1764"}],"wp:term":[{"taxonomy":"category","embeddable":true,"href":"https:\/\/teutsch.ro\/ro\/wp-json\/wp\/v2\/categories?post=1764"},{"taxonomy":"post_tag","embeddable":true,"href":"https:\/\/teutsch.ro\/ro\/wp-json\/wp\/v2\/tags?post=1764"}],"curies":[{"name":"wp","href":"https:\/\/api.w.org\/{rel}","templated":true}]}}