{"id":1722,"date":"2016-08-01T17:05:01","date_gmt":"2016-08-01T14:05:01","guid":{"rendered":"https:\/\/staging.teutsch.ro\/?p=1722"},"modified":"2016-08-01T17:05:01","modified_gmt":"2016-08-01T14:05:01","slug":"lumea-cartilor-3","status":"publish","type":"post","link":"https:\/\/teutsch.ro\/ro\/lumea-cartilor-3\/","title":{"rendered":"Lumea c\u0103r\u0163ilor"},"content":{"rendered":"<p dir=\"ltr\"><a href=\"https:\/\/teutsch.ro\/wp-content\/uploads\/2016\/08\/Teutsch-Plakat-Antiquariat-2016.jpg\"><img loading=\"lazy\" decoding=\"async\" class=\"alignleft size-medium wp-image-1720\" alt=\"Teutsch-Plakat-Antiquariat-2016\" src=\"https:\/\/teutsch.ro\/wp-content\/uploads\/2016\/08\/Teutsch-Plakat-Antiquariat-2016-200x260.jpg\" width=\"200\" height=\"260\" srcset=\"https:\/\/teutsch.ro\/wp-content\/uploads\/2016\/08\/Teutsch-Plakat-Antiquariat-2016-200x260.jpg 200w, https:\/\/teutsch.ro\/wp-content\/uploads\/2016\/08\/Teutsch-Plakat-Antiquariat-2016-100x130.jpg 100w, https:\/\/teutsch.ro\/wp-content\/uploads\/2016\/08\/Teutsch-Plakat-Antiquariat-2016-509x665.jpg 509w, https:\/\/teutsch.ro\/wp-content\/uploads\/2016\/08\/Teutsch-Plakat-Antiquariat-2016.jpg 650w\" sizes=\"auto, (max-width: 200px) 100vw, 200px\" \/><\/a>Arhiva Central\u0103 a Bisericii Evanghelice C.A. v\u0103 invit\u0103 \u015fi \u00een vara aceasta la tradi\u0163ionalul anticariat \u00een Casa Teutsch \u00een perioada 25 iulie \u2013 9 septembrie 2016. \u00cen sala multifunc\u0163ional\u0103 la etajul 1 va func\u0163iona de luni p\u00e2n\u0103 vineri, orele 10-16, anticariatul \u00een care g\u0103si\u0163i c\u0103r\u0163i despre Transilvania, Rom\u00e2nia, beletristica, c\u0103r\u0163i de art\u0103 \u015fi muzic\u0103, mai ales \u00een limba german\u0103. Fondurile ob\u0163inute vor fi folosite pentru restaurare de carte.<\/p>\n<p dir=\"ltr\">Loc:\u00a0Casa Teutsch, et. 1<\/p>\n<p>Timp:\u00a025.07.-9.09.2016, luni-vineri, ora 10-16.<\/p>\n","protected":false},"excerpt":{"rendered":"<p>Arhiva Central\u0103 a Bisericii Evanghelice C.A. v\u0103 invit\u0103 \u015fi \u00een vara aceasta la tradi\u0163ionalul anticariat \u00een Casa Teutsch \u00een perioada 25 iulie \u2013 9 septembrie 2016.<\/p>\n","protected":false},"author":1,"featured_media":0,"comment_status":"closed","ping_status":"closed","sticky":false,"template":"","format":"standard","meta":{"footnotes":""},"categories":[10,13],"tags":[],"class_list":{"0":"post-1722","1":"post","2":"type-post","3":"status-publish","4":"format-standard","6":"category-arhiva","7":"category-eveniment","8":"czr-hentry"},"_links":{"self":[{"href":"https:\/\/teutsch.ro\/ro\/wp-json\/wp\/v2\/posts\/1722","targetHints":{"allow":["GET"]}}],"collection":[{"href":"https:\/\/teutsch.ro\/ro\/wp-json\/wp\/v2\/posts"}],"about":[{"href":"https:\/\/teutsch.ro\/ro\/wp-json\/wp\/v2\/types\/post"}],"author":[{"embeddable":true,"href":"https:\/\/teutsch.ro\/ro\/wp-json\/wp\/v2\/users\/1"}],"replies":[{"embeddable":true,"href":"https:\/\/teutsch.ro\/ro\/wp-json\/wp\/v2\/comments?post=1722"}],"version-history":[{"count":1,"href":"https:\/\/teutsch.ro\/ro\/wp-json\/wp\/v2\/posts\/1722\/revisions"}],"predecessor-version":[{"id":1723,"href":"https:\/\/teutsch.ro\/ro\/wp-json\/wp\/v2\/posts\/1722\/revisions\/1723"}],"wp:attachment":[{"href":"https:\/\/teutsch.ro\/ro\/wp-json\/wp\/v2\/media?parent=1722"}],"wp:term":[{"taxonomy":"category","embeddable":true,"href":"https:\/\/teutsch.ro\/ro\/wp-json\/wp\/v2\/categories?post=1722"},{"taxonomy":"post_tag","embeddable":true,"href":"https:\/\/teutsch.ro\/ro\/wp-json\/wp\/v2\/tags?post=1722"}],"curies":[{"name":"wp","href":"https:\/\/api.w.org\/{rel}","templated":true}]}}