{"id":1715,"date":"2016-04-08T13:55:29","date_gmt":"2016-04-08T10:55:29","guid":{"rendered":"https:\/\/staging.teutsch.ro\/?p=1715"},"modified":"2016-04-08T13:56:00","modified_gmt":"2016-04-08T10:56:00","slug":"expozitie-de-sieglinde-bottesch-transsylvania-mythologica-legende-si-proverbe-sasesti-in-imagini","status":"publish","type":"post","link":"https:\/\/teutsch.ro\/ro\/expozitie-de-sieglinde-bottesch-transsylvania-mythologica-legende-si-proverbe-sasesti-in-imagini\/","title":{"rendered":"Expozi\u0163ie de Sieglinde Bottesch. TRANSSYLVANIA MYTHOLOGICA  Legende \u015fi proverbe s\u0103se\u015fti \u00een imagini"},"content":{"rendered":"<p dir=\"ltr\"><span style=\"line-height: 1.5em;\"><a href=\"https:\/\/teutsch.ro\/wp-content\/uploads\/2016\/04\/BP1.jpg\"><img loading=\"lazy\" decoding=\"async\" class=\"alignleft size-medium wp-image-1711\" alt=\"BP1\" src=\"https:\/\/teutsch.ro\/wp-content\/uploads\/2016\/04\/BP1-200x282.jpg\" width=\"200\" height=\"282\" srcset=\"https:\/\/teutsch.ro\/wp-content\/uploads\/2016\/04\/BP1-200x282.jpg 200w, https:\/\/teutsch.ro\/wp-content\/uploads\/2016\/04\/BP1-100x141.jpg 100w, https:\/\/teutsch.ro\/wp-content\/uploads\/2016\/04\/BP1-470x665.jpg 470w, https:\/\/teutsch.ro\/wp-content\/uploads\/2016\/04\/BP1.jpg 1588w\" sizes=\"auto, (max-width: 200px) 100vw, 200px\" \/><\/a>O expozi\u0163ie de Sieglinde Bottesch va fi vernisat\u0103 vineri, 15 aprilie 2016, ora 18, \u00een Centrul de dialog \u015fi cultur\u0103 Friedrich Teutsch (Str. Mitropoliei 30), \u00een prezen\u0163a artistei.<\/span><\/p>\n<p dir=\"ltr\">Expozi\u0163ia va fi deschis\u0103 \u00een perioada 15.04. \u2013 19.07.2016, de luni p\u00e2n\u0103 s\u00e2mb\u0103t\u0103, orele 10-17. (\u00cenchis s\u00e2mbetele din aprilie \u015fi de s\u0103rb\u0103tori legale \u015fi religioase.)<\/p>\n<p dir=\"ltr\">Sieglinde Bottesch, n\u0103scut\u0103 la Sibiu, este recunoscut\u0103 at\u00e2t pentru desenele \u015fi gravurile sale c\u00e2t \u015fi pentru obiecte artistice \u015fi pictur\u0103. \u00cen expozi\u0163ia \u201eTRANSSYLVANIA MYTHOLOGICA \u2013 Legende \u015fi proverbe s\u0103se\u015fti \u00een imagini\u201d sunt prezentate lucr\u0103ri de grafic\u0103 \u2013 linogravur\u0103 \u015fi xilogravur\u0103. Prin ilustra\u0163iile elaborate pornind de la texte concrete, expozi\u0163ia \u201eTRANSSYLVANIA MYTHOLOGICA\u201d ne inspir\u0103 la redescoperirea lumii miturilor \u015fi a \u00een\u0163elepciunii populare transilv\u0103nene.<\/p>\n<p dir=\"ltr\">Lucr\u0103rile de grafic\u0103 prezentate \u00een aceast\u0103 expozi\u0163ie special\u0103 fac parte din dona\u0163ia artistei Sieglinde Bottesch c\u0103tre Muzeul bisericesc din cadrul Centrului de dialog \u015fi cultur\u0103 Friedrich Teutsch al Bisericii Evanghelice C.A. din Rom\u00e2nia.<\/p>\n<p>&nbsp;<\/p>\n","protected":false},"excerpt":{"rendered":"<p>O expozi\u0163ie de Sieglinde Bottesch va fi vernisat\u0103 vineri, 15 aprilie 2016, ora 18, \u00een Centrul de dialog \u015fi cultur\u0103 Friedrich Teutsch (Str. Mitropoliei 30), \u00een prezen\u0163a artistei.<\/p>\n","protected":false},"author":1,"featured_media":0,"comment_status":"closed","ping_status":"closed","sticky":false,"template":"","format":"standard","meta":{"footnotes":""},"categories":[13,12],"tags":[],"class_list":{"0":"post-1715","1":"post","2":"type-post","3":"status-publish","4":"format-standard","6":"category-eveniment","7":"category-muzeu","8":"czr-hentry"},"_links":{"self":[{"href":"https:\/\/teutsch.ro\/ro\/wp-json\/wp\/v2\/posts\/1715","targetHints":{"allow":["GET"]}}],"collection":[{"href":"https:\/\/teutsch.ro\/ro\/wp-json\/wp\/v2\/posts"}],"about":[{"href":"https:\/\/teutsch.ro\/ro\/wp-json\/wp\/v2\/types\/post"}],"author":[{"embeddable":true,"href":"https:\/\/teutsch.ro\/ro\/wp-json\/wp\/v2\/users\/1"}],"replies":[{"embeddable":true,"href":"https:\/\/teutsch.ro\/ro\/wp-json\/wp\/v2\/comments?post=1715"}],"version-history":[{"count":2,"href":"https:\/\/teutsch.ro\/ro\/wp-json\/wp\/v2\/posts\/1715\/revisions"}],"predecessor-version":[{"id":1717,"href":"https:\/\/teutsch.ro\/ro\/wp-json\/wp\/v2\/posts\/1715\/revisions\/1717"}],"wp:attachment":[{"href":"https:\/\/teutsch.ro\/ro\/wp-json\/wp\/v2\/media?parent=1715"}],"wp:term":[{"taxonomy":"category","embeddable":true,"href":"https:\/\/teutsch.ro\/ro\/wp-json\/wp\/v2\/categories?post=1715"},{"taxonomy":"post_tag","embeddable":true,"href":"https:\/\/teutsch.ro\/ro\/wp-json\/wp\/v2\/tags?post=1715"}],"curies":[{"name":"wp","href":"https:\/\/api.w.org\/{rel}","templated":true}]}}