{"id":1706,"date":"2016-03-07T20:58:58","date_gmt":"2016-03-07T18:58:58","guid":{"rendered":"https:\/\/staging.teutsch.ro\/?p=1706"},"modified":"2016-03-07T20:59:48","modified_gmt":"2016-03-07T18:59:48","slug":"trovanti-din-transilvania-sculpturi-naturale","status":"publish","type":"post","link":"https:\/\/teutsch.ro\/ro\/trovanti-din-transilvania-sculpturi-naturale\/","title":{"rendered":"Trovan\u0163i din Transilvania. Sculpturi naturale"},"content":{"rendered":"<p dir=\"ltr\"><span style=\"line-height: 1.5em;\"><a href=\"https:\/\/teutsch.ro\/wp-content\/uploads\/2016\/03\/Plakat-GC-KWH-Final.jpg\"><img loading=\"lazy\" decoding=\"async\" class=\"alignleft size-medium wp-image-1701\" alt=\"Plakat GC &amp; KWH Final\" src=\"https:\/\/teutsch.ro\/wp-content\/uploads\/2016\/03\/Plakat-GC-KWH-Final-200x282.jpg\" width=\"200\" height=\"282\" srcset=\"https:\/\/teutsch.ro\/wp-content\/uploads\/2016\/03\/Plakat-GC-KWH-Final-200x282.jpg 200w, https:\/\/teutsch.ro\/wp-content\/uploads\/2016\/03\/Plakat-GC-KWH-Final-100x141.jpg 100w, https:\/\/teutsch.ro\/wp-content\/uploads\/2016\/03\/Plakat-GC-KWH-Final-470x665.jpg 470w, https:\/\/teutsch.ro\/wp-content\/uploads\/2016\/03\/Plakat-GC-KWH-Final.jpg 1588w\" sizes=\"auto, (max-width: 200px) 100vw, 200px\" \/><\/a>Expozi\u0163ie de fotografie, realizatori: G. Czernetzky &amp; K. Hann<\/span><\/p>\n<p dir=\"ltr\">Vernisaj: 10.03.2016, 17:00,<br \/>\nCasa Teutsch, str. Mitropoliei 30, et. 1.<\/p>\n<p dir=\"ltr\">Programul de vizitare:<br \/>\n10.03.-7.04.2016, lu-vi 10:00-17:00<\/p>\n<p><span style=\"line-height: 1.5em;\">La \u015eomartin (jud. Sibiu), \u00eentr-o zon\u0103 \u00een care sunt de g\u0103sit aceste forma\u0163iuni deosebite din gresie, asocia\u0163ia \u201eMARTINUS Sibiu\u201d va amenaja un parc al trovan\u0163ilor. Pietrele g\u0103site prezint\u0103 forme spectaculoase \u015fi par s\u0103 fie create de m\u00e2na unui sculptor. Pe l\u00e2ng\u0103 faptul c\u0103 trovan\u0163ii au fost folosi\u0163i timp de secole ca material de construc\u0163ie, ei au \u015fi o valoare estetic\u0103.<\/span><\/p>\n<p><span style=\"line-height: 1.5em; font-size: small;\">Doris Rothmund: \u201eNatura nu este art\u0103. \u015etim. Totu\u015fi, ace\u015fti trovan\u0163i nu arat\u0103 ca \u015fi cum ar fi fost crea\u0163i de Dumnezeu sau din int\u00e2mplare, ci par s\u0103 fie crea\u0163i de un sculptor seren, \u00eentr-o zi frumoas\u0103 de var\u0103. \u2013 Formele acestor pietre se adreseaz\u0103 tr\u0103irii noastre, intelectului \u015fi min\u0163ii, ele privesc trecutul, prezentul \u015fi viitorul nostru. Ele ne pun \u00een fa\u0163a unor secrete ale naturii \u015fi ne provoac\u0103 s\u0103 medit\u0103m asupra esen\u0163ei artei. Trovan\u0163ii ne aduc aminte de altare, de sfin\u0163i, de str\u0103jeri, de totemuri, de talismane \u2013 \u015fi ne consoleaz\u0103 \u00eentr-un mod misterios.\u201d<\/span><\/p>\n<p><span style=\"font-size: small;\">\u00a0<\/span><\/p>\n","protected":false},"excerpt":{"rendered":"<p>Expozi\u0163ie de fotografie, realizatori: G. Czernetzky &#038; K. Hann, Vernisaj: 10.03.2016, 17:00, Programul de vizitare: 10.03.-7.04.2016, lu-vi 10:00-17:00<\/p>\n","protected":false},"author":1,"featured_media":0,"comment_status":"closed","ping_status":"closed","sticky":false,"template":"","format":"standard","meta":{"footnotes":""},"categories":[12],"tags":[],"class_list":{"0":"post-1706","1":"post","2":"type-post","3":"status-publish","4":"format-standard","6":"category-muzeu","7":"czr-hentry"},"_links":{"self":[{"href":"https:\/\/teutsch.ro\/ro\/wp-json\/wp\/v2\/posts\/1706","targetHints":{"allow":["GET"]}}],"collection":[{"href":"https:\/\/teutsch.ro\/ro\/wp-json\/wp\/v2\/posts"}],"about":[{"href":"https:\/\/teutsch.ro\/ro\/wp-json\/wp\/v2\/types\/post"}],"author":[{"embeddable":true,"href":"https:\/\/teutsch.ro\/ro\/wp-json\/wp\/v2\/users\/1"}],"replies":[{"embeddable":true,"href":"https:\/\/teutsch.ro\/ro\/wp-json\/wp\/v2\/comments?post=1706"}],"version-history":[{"count":2,"href":"https:\/\/teutsch.ro\/ro\/wp-json\/wp\/v2\/posts\/1706\/revisions"}],"predecessor-version":[{"id":1708,"href":"https:\/\/teutsch.ro\/ro\/wp-json\/wp\/v2\/posts\/1706\/revisions\/1708"}],"wp:attachment":[{"href":"https:\/\/teutsch.ro\/ro\/wp-json\/wp\/v2\/media?parent=1706"}],"wp:term":[{"taxonomy":"category","embeddable":true,"href":"https:\/\/teutsch.ro\/ro\/wp-json\/wp\/v2\/categories?post=1706"},{"taxonomy":"post_tag","embeddable":true,"href":"https:\/\/teutsch.ro\/ro\/wp-json\/wp\/v2\/tags?post=1706"}],"curies":[{"name":"wp","href":"https:\/\/api.w.org\/{rel}","templated":true}]}}