{"id":1689,"date":"2016-02-11T14:16:24","date_gmt":"2016-02-11T12:16:24","guid":{"rendered":"https:\/\/staging.teutsch.ro\/?p=1689"},"modified":"2016-02-11T14:22:49","modified_gmt":"2016-02-11T12:22:49","slug":"arta-sacrala-transilvaneana","status":"publish","type":"post","link":"https:\/\/teutsch.ro\/ro\/arta-sacrala-transilvaneana\/","title":{"rendered":"Arta sacral\u0103 transilv\u0103nean\u0103"},"content":{"rendered":"<p dir=\"ltr\"><strong><a href=\"https:\/\/teutsch.ro\/wp-content\/uploads\/2016\/02\/Teutsch-Plakat-0216F.jpg\"><img loading=\"lazy\" decoding=\"async\" class=\"alignleft size-medium wp-image-1685\" alt=\"Teutsch Plakat 0216F\" src=\"https:\/\/teutsch.ro\/wp-content\/uploads\/2016\/02\/Teutsch-Plakat-0216F-200x282.jpg\" width=\"200\" height=\"282\" srcset=\"https:\/\/teutsch.ro\/wp-content\/uploads\/2016\/02\/Teutsch-Plakat-0216F-200x282.jpg 200w, https:\/\/teutsch.ro\/wp-content\/uploads\/2016\/02\/Teutsch-Plakat-0216F-100x141.jpg 100w, https:\/\/teutsch.ro\/wp-content\/uploads\/2016\/02\/Teutsch-Plakat-0216F-470x665.jpg 470w, https:\/\/teutsch.ro\/wp-content\/uploads\/2016\/02\/Teutsch-Plakat-0216F.jpg 1588w\" sizes=\"auto, (max-width: 200px) 100vw, 200px\" \/><\/a>Incursiuni \u00een Istoria Artei \u2013 o serie de prelegeri,7 martie \u2013 4 aprilie 2016.<\/strong><\/p>\n<p><span style=\"line-height: 1.5em;\">Sunte\u0163i interesa\u0163i s\u0103 vede\u0163i de aproape obiecte de art\u0103 sacral\u0103, primind explica\u0163ii din partea unor exper\u0163i?<\/span><br \/>\nMuzeul Bisericii Evanghelice de Confesiune Augustan\u0103 din Rom\u00e2nia aflat \u00een Centrul de dialog \u015fi cultur\u0103 Friedrich Teutsch (\u201eCasa Teutsch\u201d) ofer\u0103 vizitatorilor o privire de ansamblu asupra istoriei bisericii evanghelice-luterane \u015fi a sa\u015filor transilv\u0103neni. Istoria \u015fi cultura sunt ilustrate prin exponate originale de mare valoare artistic\u0103 \u015fi documentar\u0103.<\/p>\n<p dir=\"ltr\">Studen\u0163ii, cadrele didactice, ghizii, lucr\u0103torii din turism \u015fi cultur\u0103, voluntarii din NGO-uri \u015fi to\u0163i cei interesa\u0163i sunt invita\u0163i s\u0103 participe la o serie de prelegeri despre arta sacral\u0103 \u015fi cultura transilv\u0103nean\u0103.<\/p>\n<p><span style=\"line-height: 1.5em;\">Pentru anun\u0163area particip\u0103rii, trimite\u0163i, v\u0103 rug\u0103m, un e-mail la adresa <\/span><a style=\"line-height: 1.5em;\" href=\"mailto:casa.teutsch@gmail.com\">casa.teutsch@gmail.com<\/a><span style=\"line-height: 1.5em;\">. p\u00e2n\u0103 \u00een data de 3 martie. Num\u0103rul de participan\u0163i este de maxim 25 persoane. Se poate opta pentru participarea la toate cele patru \u00eent\u00e2lniri, sau pentru doar unele dintre ele, la alegere.<\/span><\/p>\n<p><span style=\"line-height: 1.5em;\"><strong>Locul \u015fi ora:<\/strong> seria de prelegeri are loc la Sibiu \u00een Casa Teutsch, str. Mitropoliei 30, orele 18-19.30.<\/span><\/p>\n<p><strong><span style=\"line-height: 1.5em;\">Datele \u015fi temele:<\/span><\/strong><\/p>\n<p>1.) luni, 7 martie:<br \/>\n<strong>Cet\u0103\u0163i biserice\u015fti \u2013 de la stilul romanic p\u00e2n\u0103 la cel baroc;<\/strong>\u00a0prezint\u0103 arh. dr. Hermann Fabini.<\/p>\n<p>2.) luni, 14 martie<br \/>\n<strong>Breasla aurarilor din Sibiu, prin prisma documentelor de arhiv\u0103 \u015fi a pieselor de orfevr\u0103rie p\u0103strate p\u00e2n\u0103 \u00een prezent;<\/strong>\u00a0prezint\u0103 dr. Daniela D\u00e2mboiu.<\/p>\n<p>3.) luni, 21 martie<br \/>\n<strong>L\u0103zile din Br\u0103deni. Repere iconologice;\u00a0<\/strong>prezint\u0103 arh. Heidrun K\u00f6nig.<\/p>\n<p>4.) luni, 4 aprilie<br \/>\n<strong>Scrierea \u00eentre art\u0103 \u015fi mijloc de comunicare;\u00a0<\/strong>prezint\u0103 arhivist Monica Vlaicu<br \/>\n<strong>Tip\u0103rituri de secol XVI din colec\u0163ia Arhivei Centrale a Bisericii Ev. C.A.;<\/strong> prezint\u0103 pr. Andr\u00e1s B\u00e1ndi.<\/p>\n<p>Activitate cofinan\u0163at\u0103 prin programul \u00a0 \u00a0 \u00a0 \u00a0 Erasmus+ al Uniunii Europene \u00a0 \u00a0 \u00a0 \u00a0 \u00a0\u00a0<img loading=\"lazy\" decoding=\"async\" alt=\"\" src=\"https:\/\/lh5.googleusercontent.com\/EMNfx6P16Hgyg5KYo4R6M7DATHAzlYiMjTL15f4KUt01bP__WifXaJFPX9i6MEUS5SVdVXzfssuRdYjYfStJlbpC1S08oaRv90yGmHqeqHRrlJUMo-5_lk8TsCo1S4PSk28appXx\" width=\"88\" height=\"58\" \/><\/p>\n<p>&nbsp;<\/p>\n","protected":false},"excerpt":{"rendered":"<p>Muzeul Bisericii Evanghelice de Confesiune Augustan\u0103 din Rom\u00e2nia ofer\u0103 vizitatorilor o privire de ansamblu asupra istoriei bisericii evanghelice-luterane \u015fi a sa\u015filor transilv\u0103neni.<\/p>\n","protected":false},"author":1,"featured_media":0,"comment_status":"closed","ping_status":"closed","sticky":false,"template":"","format":"standard","meta":{"footnotes":""},"categories":[13,12],"tags":[],"class_list":{"0":"post-1689","1":"post","2":"type-post","3":"status-publish","4":"format-standard","6":"category-eveniment","7":"category-muzeu","8":"czr-hentry"},"_links":{"self":[{"href":"https:\/\/teutsch.ro\/ro\/wp-json\/wp\/v2\/posts\/1689","targetHints":{"allow":["GET"]}}],"collection":[{"href":"https:\/\/teutsch.ro\/ro\/wp-json\/wp\/v2\/posts"}],"about":[{"href":"https:\/\/teutsch.ro\/ro\/wp-json\/wp\/v2\/types\/post"}],"author":[{"embeddable":true,"href":"https:\/\/teutsch.ro\/ro\/wp-json\/wp\/v2\/users\/1"}],"replies":[{"embeddable":true,"href":"https:\/\/teutsch.ro\/ro\/wp-json\/wp\/v2\/comments?post=1689"}],"version-history":[{"count":10,"href":"https:\/\/teutsch.ro\/ro\/wp-json\/wp\/v2\/posts\/1689\/revisions"}],"predecessor-version":[{"id":1699,"href":"https:\/\/teutsch.ro\/ro\/wp-json\/wp\/v2\/posts\/1689\/revisions\/1699"}],"wp:attachment":[{"href":"https:\/\/teutsch.ro\/ro\/wp-json\/wp\/v2\/media?parent=1689"}],"wp:term":[{"taxonomy":"category","embeddable":true,"href":"https:\/\/teutsch.ro\/ro\/wp-json\/wp\/v2\/categories?post=1689"},{"taxonomy":"post_tag","embeddable":true,"href":"https:\/\/teutsch.ro\/ro\/wp-json\/wp\/v2\/tags?post=1689"}],"curies":[{"name":"wp","href":"https:\/\/api.w.org\/{rel}","templated":true}]}}