{"id":1627,"date":"2015-09-28T13:24:25","date_gmt":"2015-09-28T10:24:25","guid":{"rendered":"https:\/\/staging.teutsch.ro\/?p=1627"},"modified":"2015-09-28T13:24:25","modified_gmt":"2015-09-28T10:24:25","slug":"un-drum-cat-o-suta-de-vieti-expozitie-de-renee-renard","status":"publish","type":"post","link":"https:\/\/teutsch.ro\/ro\/un-drum-cat-o-suta-de-vieti-expozitie-de-renee-renard\/","title":{"rendered":"Un drum c\u00e2t o sut\u0103 de vie\u0163i \u2013 Expozi\u0163ie de Ren\u00e9e Renard"},"content":{"rendered":"<p dir=\"ltr\"><a href=\"https:\/\/teutsch.ro\/wp-content\/uploads\/2015\/09\/renee-renard-afis.jpg\"><img loading=\"lazy\" decoding=\"async\" class=\"alignright size-medium wp-image-1623\" alt=\"renee-renard-afis\" src=\"https:\/\/teutsch.ro\/wp-content\/uploads\/2015\/09\/renee-renard-afis-200x283.jpg\" width=\"200\" height=\"283\" srcset=\"https:\/\/teutsch.ro\/wp-content\/uploads\/2015\/09\/renee-renard-afis-200x283.jpg 200w, https:\/\/teutsch.ro\/wp-content\/uploads\/2015\/09\/renee-renard-afis-100x141.jpg 100w, https:\/\/teutsch.ro\/wp-content\/uploads\/2015\/09\/renee-renard-afis-469x665.jpg 469w, https:\/\/teutsch.ro\/wp-content\/uploads\/2015\/09\/renee-renard-afis.jpg 800w\" sizes=\"auto, (max-width: 200px) 100vw, 200px\" \/><\/a>O expozi\u0163ie de Ren\u00e9e Renard va fi vernisat\u0103 \u00een prezen\u0163a artistei luni, 12 octombrie 2015, ora 17, \u00een Centrul de dialog \u015fi cultur\u0103 Friedrich Teutsch.<\/p>\n<p dir=\"ltr\">Artista Ren\u00e9e Renard din Timi\u015foara se ocup\u0103 \u00een complexa sa expozi\u0163ie \u201eUn drum c\u00e2t o sut\u0103 de vie\u0163i\u201d cu istoria propriei familii dar, \u00een acela\u015fi timp, \u015fi cu soarta unei comunit\u0103\u0163i \u015fi cu teme universal umane. Privitorii nu sunt invita\u0163i numai s\u0103 recep\u0163ioneze informa\u0163ii, dar, mai mult, s\u0103-\u015fi deschid\u0103 sufletul pentru perceperea emo\u0163ional\u0103 a imaginilor nou create de artist\u0103 \u015fi puse \u00een scen\u0103 astfel, \u00eenc\u00e2t semnifica\u0163iile ad\u00e2nci s\u0103 se amplifice.<\/p>\n<p dir=\"ltr\">Deportare \u00eenseamn\u0103 dezr\u0103d\u0103cinare. Aceast\u0103 \u00eenstr\u0103inare au suferit-o bunicii prin deportarea \u00een Uniunea Sovietic\u0103, str\u0103bunicii prin mutarea for\u0163at\u0103 \u00een B\u0103r\u0103gan, tat\u0103l \u00een lag\u0103rul de munc\u0103 la canal. Au avut loc desp\u0103r\u0163iri care nu au mai putut fi vindecate.<\/p>\n<p dir=\"ltr\">Ren\u00e9e Renard g\u0103se\u015fte \u00eentr-o cutie veche cu scrisori, documente \u015fi poze nimic mai prejos dec\u00e2t via\u0163a \u015fi moartea, dragostea \u015fi disperarea. Dar \u015fi n\u0103dejdea, \u015fi anume acea \u00eencredere, \u201ec\u0103 te po\u0163i \u00eentoarce \u201aacas\u0103\u2019 chiar dac\u0103 acolo nu te mai a\u015fteapt\u0103 nicio cas\u0103; c\u0103 puterea credin\u0163ei \u015fi supravie\u0163uirea Spiritului te salveaz\u0103 chiar \u015fi atunci c\u00e2nd Istoria pare s\u0103 nu-\u0163i mai dea nicio \u015fans\u0103\u201d.<\/p>\n<p dir=\"ltr\">Lucr\u0103ri din acest proiect au fost prezentate, p\u00e2n\u0103 \u00een prezent, \u00een cadrul unor expozi\u0163ii \u00een \u0163ar\u0103 (Timi\u015foara, Ia\u015fi, Arad) sau selectate \u00een competi\u0163ii \u015fi manifest\u0103ri interna\u0163ionale (Rignac\/Fran\u0163a, Evora\/Portugalia, Madrid \u015fi Insulele Canare\/Spania, Klaipedia\/Lituania, Lous\u00e3 \u015fi Candal\/<\/p>\n<p dir=\"ltr\">Portugalia, Denton\/SUA, Salonic\/Grecia).<\/p>\n<p dir=\"ltr\">Integral, proiectul a fost prezentat la Timi\u015foara \u00een 2013, la Festivalul P\u0103cii edi\u0163ia 2014 de la Sarajevo\/Bosnia \u015fi Her\u0163egovina \u015fi la Muzeul \u201eStefan J\u00e4ger\u201d din Jimbolia \u00een martie 2015.<\/p>\n<p><span style=\"line-height: 1.5em;\">\u00cen Casa Teutsch din Sibiu, expozi\u0163ia va fi deschis\u0103 \u00een perioada 12.10.2015 \u2013 15.01.2016, de luni p\u00e2n\u0103 vineri, orele 10-17. (\u00cenchis de s\u0103rb\u0103tori legale \u015fi religioase.) Intrarea este liber\u0103.<\/span><\/p>\n<p>&nbsp;<\/p>\n","protected":false},"excerpt":{"rendered":"<p>O expozi\u0163ie de Ren\u00e9e Renard va fi vernisat\u0103 \u00een prezen\u0163a artistei luni, 12 octombrie 2015, ora 17, \u00een Centrul de dialog \u015fi cultur\u0103 Friedrich Teutsch. Artista Ren\u00e9e Renard din Timi\u015foara se ocup\u0103 \u00een complexa sa expozi\u0163ie \u201eUn drum c\u00e2t o sut\u0103 de vie\u0163i\u201d cu istoria propriei familii dar, \u00een acela\u015fi timp, \u015fi cu soarta unei [&hellip;]<\/p>\n","protected":false},"author":1,"featured_media":0,"comment_status":"closed","ping_status":"closed","sticky":false,"template":"","format":"standard","meta":{"footnotes":""},"categories":[13,12],"tags":[],"class_list":{"0":"post-1627","1":"post","2":"type-post","3":"status-publish","4":"format-standard","6":"category-eveniment","7":"category-muzeu","8":"czr-hentry"},"_links":{"self":[{"href":"https:\/\/teutsch.ro\/ro\/wp-json\/wp\/v2\/posts\/1627","targetHints":{"allow":["GET"]}}],"collection":[{"href":"https:\/\/teutsch.ro\/ro\/wp-json\/wp\/v2\/posts"}],"about":[{"href":"https:\/\/teutsch.ro\/ro\/wp-json\/wp\/v2\/types\/post"}],"author":[{"embeddable":true,"href":"https:\/\/teutsch.ro\/ro\/wp-json\/wp\/v2\/users\/1"}],"replies":[{"embeddable":true,"href":"https:\/\/teutsch.ro\/ro\/wp-json\/wp\/v2\/comments?post=1627"}],"version-history":[{"count":1,"href":"https:\/\/teutsch.ro\/ro\/wp-json\/wp\/v2\/posts\/1627\/revisions"}],"predecessor-version":[{"id":1628,"href":"https:\/\/teutsch.ro\/ro\/wp-json\/wp\/v2\/posts\/1627\/revisions\/1628"}],"wp:attachment":[{"href":"https:\/\/teutsch.ro\/ro\/wp-json\/wp\/v2\/media?parent=1627"}],"wp:term":[{"taxonomy":"category","embeddable":true,"href":"https:\/\/teutsch.ro\/ro\/wp-json\/wp\/v2\/categories?post=1627"},{"taxonomy":"post_tag","embeddable":true,"href":"https:\/\/teutsch.ro\/ro\/wp-json\/wp\/v2\/tags?post=1627"}],"curies":[{"name":"wp","href":"https:\/\/api.w.org\/{rel}","templated":true}]}}