{"id":1412,"date":"2014-04-25T14:39:49","date_gmt":"2014-04-25T11:39:49","guid":{"rendered":"https:\/\/staging.teutsch.ro\/ausstellung-aus-dem-nachlass-einer-kunstlerin-trude-schullerus-zum-125-geburtstag-2\/"},"modified":"2014-04-25T14:44:53","modified_gmt":"2014-04-25T11:44:53","slug":"ausstellung-aus-dem-nachlass-einer-kunstlerin-trude-schullerus-zum-125-geburtstag","status":"publish","type":"post","link":"https:\/\/teutsch.ro\/ro\/ausstellung-aus-dem-nachlass-einer-kunstlerin-trude-schullerus-zum-125-geburtstag\/","title":{"rendered":"Ausstellung: Aus dem Nachlass einer K\u00fcnstlerin. Trude Schullerus zum 125. Geburtstag"},"content":{"rendered":"<p><a href=\"https:\/\/teutsch.ro\/wp-content\/uploads\/2014\/04\/125TrudeSchullerus_Plakat_3_Bildgr\u00f6\u00dfe-\u00e4ndern1.jpg\"><img loading=\"lazy\" decoding=\"async\" class=\"size-medium wp-image-1409 alignleft\" alt=\"\" src=\"https:\/\/teutsch.ro\/wp-content\/uploads\/2014\/04\/125TrudeSchullerus_Plakat_3_Bildgr\u00f6\u00dfe-\u00e4ndern1-198x300.jpg\" width=\"198\" height=\"300\" srcset=\"https:\/\/teutsch.ro\/wp-content\/uploads\/2014\/04\/125TrudeSchullerus_Plakat_3_Bildgr\u00f6\u00dfe-\u00e4ndern1-198x300.jpg 198w, https:\/\/teutsch.ro\/wp-content\/uploads\/2014\/04\/125TrudeSchullerus_Plakat_3_Bildgr\u00f6\u00dfe-\u00e4ndern1-440x665.jpg 440w, https:\/\/teutsch.ro\/wp-content\/uploads\/2014\/04\/125TrudeSchullerus_Plakat_3_Bildgr\u00f6\u00dfe-\u00e4ndern1.jpg 600w\" sizes=\"auto, (max-width: 198px) 100vw, 198px\" \/><\/a>Werke aus allen Schaffensperioden der beliebten siebenb\u00fcrgisch-s\u00e4chsischen K\u00fcnstlerin\u00a0werden vom 5. bis 21. Mai 2014 im Begegnungs- und Kulturzentrum Friedrich Teutsch\u00a0gezeigt. Die Vernissage findet am 5. Mai, 17 Uhr, im Terrassensaal statt. Die von\u00a0Restauratorin Elisabeth Binder kuratierte Ausstellung wird von Andreas M\u00f6ckel und Dieter\u00a0Schullerus unterst\u00fctzt. Zur Er\u00f6ffnungsfeier am 5. Mai wird das junge Hermannst\u00e4dter\u00a0Bl\u00e4sertrio \u201eCivius\u201c musizieren.<\/p>\n<p>&nbsp;<\/p>\n<p>&nbsp;<\/p>\n<p>&nbsp;<\/p>\n<p>&nbsp;<\/p>\n<p>&nbsp;<\/p>\n","protected":false},"excerpt":{"rendered":"<p>Aus dem Nachlass einer K\u00fcnstlerin. Trude Schullerus zum 125. Geburtstag  werden Werke aus allen Schaffensperioden der K\u00fcnstlerin werden vom 5. bis 21. Mai 2014 im Begegnungs- und Kulturzentrum Friedrich Teutsch gezeigt. Die Vernissage findet am 5. Mai, 17 Uhr statt.<\/p>\n","protected":false},"author":1,"featured_media":0,"comment_status":"closed","ping_status":"closed","sticky":false,"template":"","format":"standard","meta":{"footnotes":""},"categories":[13],"tags":[],"class_list":{"0":"post-1412","1":"post","2":"type-post","3":"status-publish","4":"format-standard","6":"category-eveniment","7":"czr-hentry"},"_links":{"self":[{"href":"https:\/\/teutsch.ro\/ro\/wp-json\/wp\/v2\/posts\/1412","targetHints":{"allow":["GET"]}}],"collection":[{"href":"https:\/\/teutsch.ro\/ro\/wp-json\/wp\/v2\/posts"}],"about":[{"href":"https:\/\/teutsch.ro\/ro\/wp-json\/wp\/v2\/types\/post"}],"author":[{"embeddable":true,"href":"https:\/\/teutsch.ro\/ro\/wp-json\/wp\/v2\/users\/1"}],"replies":[{"embeddable":true,"href":"https:\/\/teutsch.ro\/ro\/wp-json\/wp\/v2\/comments?post=1412"}],"version-history":[{"count":4,"href":"https:\/\/teutsch.ro\/ro\/wp-json\/wp\/v2\/posts\/1412\/revisions"}],"predecessor-version":[{"id":1418,"href":"https:\/\/teutsch.ro\/ro\/wp-json\/wp\/v2\/posts\/1412\/revisions\/1418"}],"wp:attachment":[{"href":"https:\/\/teutsch.ro\/ro\/wp-json\/wp\/v2\/media?parent=1412"}],"wp:term":[{"taxonomy":"category","embeddable":true,"href":"https:\/\/teutsch.ro\/ro\/wp-json\/wp\/v2\/categories?post=1412"},{"taxonomy":"post_tag","embeddable":true,"href":"https:\/\/teutsch.ro\/ro\/wp-json\/wp\/v2\/tags?post=1412"}],"curies":[{"name":"wp","href":"https:\/\/api.w.org\/{rel}","templated":true}]}}