{"id":1390,"date":"2014-02-28T16:33:09","date_gmt":"2014-02-28T14:33:09","guid":{"rendered":"https:\/\/staging.teutsch.ro\/strasen-der-trauer-kreuze-am-strasenrand-eine-ausstellung-zum-innehalten-2\/"},"modified":"2014-02-28T16:41:31","modified_gmt":"2014-02-28T14:41:31","slug":"strasen-der-trauer-kreuze-am-strasenrand-eine-ausstellung-zum-innehalten","status":"publish","type":"post","link":"https:\/\/teutsch.ro\/ro\/strasen-der-trauer-kreuze-am-strasenrand-eine-ausstellung-zum-innehalten\/","title":{"rendered":"\u201eDrumurile doliului. Crucile de la marginea str\u0103zilor \u2013 O expozi\u0163ie meditativ\u0103\u201d"},"content":{"rendered":"<p dir=\"ltr\"><a href=\"https:\/\/teutsch.ro\/wp-content\/uploads\/2014\/02\/Plakat-Teutsch-Martin-Eichler.jpg\"><img loading=\"lazy\" decoding=\"async\" class=\"size-medium wp-image-1388 alignleft\" alt=\"Plakat-Teutsch-Martin-Eichler\" src=\"https:\/\/teutsch.ro\/wp-content\/uploads\/2014\/02\/Plakat-Teutsch-Martin-Eichler-200x282.jpg\" width=\"200\" height=\"282\" srcset=\"https:\/\/teutsch.ro\/wp-content\/uploads\/2014\/02\/Plakat-Teutsch-Martin-Eichler-200x282.jpg 200w, https:\/\/teutsch.ro\/wp-content\/uploads\/2014\/02\/Plakat-Teutsch-Martin-Eichler-100x141.jpg 100w, https:\/\/teutsch.ro\/wp-content\/uploads\/2014\/02\/Plakat-Teutsch-Martin-Eichler-470x665.jpg 470w, https:\/\/teutsch.ro\/wp-content\/uploads\/2014\/02\/Plakat-Teutsch-Martin-Eichler.jpg 566w\" sizes=\"auto, (max-width: 200px) 100vw, 200px\" \/><\/a><\/p>\n<p dir=\"ltr\">O expozi\u0163ie\u00a0cu fotografii de Martin Eichler este deschis\u0103 \u00een Casa Teutsch \u00eentre 12.03-14.04.2014 (luni-vineri, 10-17). Vernisajul are loc miercuri, 12 martie 2014, ora 16.<\/p>\n<p dir=\"ltr\">Fotograful Martin Eichler din M\u00fcnchen c\u0103l\u0103tore\u015fte foarte mult. \u00cen mod inevitabil, privirile fiec\u0103rui conduc\u0103tor auto sunt acaparate de nenum\u0103ratele cruci de la marginea drumurilor. Este vorba de locuri speciale, dedicate de c\u0103tre cei vii amintirii celor dragi ai lor care au c\u0103zut victim\u0103 circula\u0163iei rutiere. Fiind \u00eentr-o zi impresionat profund de o astfel de cruce, la care se oprise oarecum din \u00eent\u00e2mplare, Martin Eichler a \u00eenceput o serie de fotografii prin care documenteaz\u0103 cu empatie \u015fi respect varia\u0163iunile pe aceea\u015fi tem\u0103 a crucii \u015fi ni le ofer\u0103 spre medita\u0163ie \u015fi luare-aminte. Pozele f\u0103cute de Martin Eichler mai ales \u00een Rom\u00e2nia, Germania, Rusia \u015fi Ungaria sunt prezentate acum pentru prima dat\u0103 \u00eentr-o expozi\u0163ie.<\/p>\n<p dir=\"ltr\">Putem privi aceste cruci? Ne ferim mai degrab\u0103 s\u0103 le privim? Ce \u00eei \u00eendeamn\u0103 pe oameni s\u0103-\u015fi exprime \u00eentru-un mod public durerea personal\u0103? \u2013 Cu ocazia deschiderii expozi\u0163iei, prof. dr. Hans Klein, teolog, va oferi o introducere \u00een aceast\u0103 tematic\u0103.<\/p>\n","protected":false},"excerpt":{"rendered":"<p>\u201eDrumurile doliului. Crucile de la marginea str\u0103zilor \u2013 O expozi\u0163ie meditativ\u0103\u201d cu fotografii de Martin Eichler este deschis\u0103 \u00een Casa Teutsch \u00eentre 12.03-14.04.2014 (luni-vineri, 10-17). Vernisajul are loc miercuri, 12 martie 2014, ora 16.<\/p>\n","protected":false},"author":1,"featured_media":0,"comment_status":"closed","ping_status":"closed","sticky":false,"template":"","format":"standard","meta":{"footnotes":""},"categories":[12],"tags":[],"class_list":{"0":"post-1390","1":"post","2":"type-post","3":"status-publish","4":"format-standard","6":"category-muzeu","7":"czr-hentry"},"_links":{"self":[{"href":"https:\/\/teutsch.ro\/ro\/wp-json\/wp\/v2\/posts\/1390","targetHints":{"allow":["GET"]}}],"collection":[{"href":"https:\/\/teutsch.ro\/ro\/wp-json\/wp\/v2\/posts"}],"about":[{"href":"https:\/\/teutsch.ro\/ro\/wp-json\/wp\/v2\/types\/post"}],"author":[{"embeddable":true,"href":"https:\/\/teutsch.ro\/ro\/wp-json\/wp\/v2\/users\/1"}],"replies":[{"embeddable":true,"href":"https:\/\/teutsch.ro\/ro\/wp-json\/wp\/v2\/comments?post=1390"}],"version-history":[{"count":4,"href":"https:\/\/teutsch.ro\/ro\/wp-json\/wp\/v2\/posts\/1390\/revisions"}],"predecessor-version":[{"id":1398,"href":"https:\/\/teutsch.ro\/ro\/wp-json\/wp\/v2\/posts\/1390\/revisions\/1398"}],"wp:attachment":[{"href":"https:\/\/teutsch.ro\/ro\/wp-json\/wp\/v2\/media?parent=1390"}],"wp:term":[{"taxonomy":"category","embeddable":true,"href":"https:\/\/teutsch.ro\/ro\/wp-json\/wp\/v2\/categories?post=1390"},{"taxonomy":"post_tag","embeddable":true,"href":"https:\/\/teutsch.ro\/ro\/wp-json\/wp\/v2\/tags?post=1390"}],"curies":[{"name":"wp","href":"https:\/\/api.w.org\/{rel}","templated":true}]}}